{"id":168621,"date":"2020-05-11T06:30:33","date_gmt":"2020-05-11T09:30:33","guid":{"rendered":"https:\/\/www.caririemacao.com\/1\/?p=168621"},"modified":"2020-05-11T06:30:33","modified_gmt":"2020-05-11T09:30:33","slug":"pb-registra-185-novos-casos-da-covid-19-em-24h-e-numero-de-mortes-sobe-para-135-75-dos-leitos-de-uti-estao-ocupados","status":"publish","type":"post","link":"https:\/\/www.caririemacao.com\/1\/2020\/05\/11\/pb-registra-185-novos-casos-da-covid-19-em-24h-e-numero-de-mortes-sobe-para-135-75-dos-leitos-de-uti-estao-ocupados\/","title":{"rendered":"PB registra 185 novos casos da Covid-19 em 24h e n\u00famero de mortes sobe para 135; 75% dos leitos de UTI est\u00e3o ocupados"},"content":{"rendered":"\n<p><\/p>\n\n\n\n<h3 class=\"wp-block-heading\"><\/h3>\n\n\n\n<hr class=\"wp-block-separator\"\/>\n\n\n\n<p>A Secretaria de Estado da Sa\u00fade (SES) divulgou um&nbsp;<strong>novo boletim epidemiol\u00f3gico<\/strong>, no final da tarde deste domingo (10), que registra um aumento de 185 novos casos do novo coronav\u00edrus (Covid-19) e 11 \u00f3bitos causados pela doen\u00e7a&nbsp;<strong><a href=\"https:\/\/wscom.com.br\/paraiba-confirma-126-novos-casos-de-covid-19-e-10-obitos-em-24h-sao-mais-de-21-mil-pessoas-contaminadas\/\">nas \u00faltimas 24 horas.<\/a><\/strong>&nbsp;Assim, a Para\u00edba atinge&nbsp;<strong>2341 casos<\/strong>&nbsp;da Covid-19 com&nbsp;<strong>135 \u00f3bitos<\/strong>.<\/p>\n\n\n\n<p>Dos<strong>&nbsp;leitos de UTI<\/strong>&nbsp;para adultos ativados na Regi\u00e3o Metropolitana de Jo\u00e3o Pessoa,&nbsp;<strong>75% est\u00e3o ocupados<\/strong>. O \u00cdndice de&nbsp;<strong>Isolamento social<\/strong>&nbsp;registrado pela Inloco no dia anterior \u00e9 de 41,7%%. Os casos confirmados est\u00e3o em 101 munic\u00edpios paraibanos:<\/p>\n\n\n\n<p>Alagoa Grande (6); Alagoa Nova (1); Alagoinha (3); Alhandra (24); Ara\u00e7agi (4); Areia (4); Aroeiras (1); Baia da Trai\u00e7\u00e3o ( 4); Bananeiras (1); Barra de Santana (2); Barra de S\u00e3o Miguel (1); Bayeux (68); Bom Jesus (1); Boqueir\u00e3o (1); Borborema (1); Brejo do Cruz (1); Caapor\u00e3 (40); Cabedelo (89); Cai\u00e7ara (2); Cajazeiras (18); Cajazeirinhas (1) Campina Grande (108); Capim (1); Casserengue (1); Catingueira (1); Condado (11); Conde (20); Congo (2); Coremas (4); Coxixola (3); Cruz do Esp\u00edrito Santo (21); Cuiteg\u00ed (4), Esperan\u00e7a (4); Gado Bravo (1); Guarabira (73); Gurinh\u00e9m (4); Igaracy (1); Imaculada (3); Ing\u00e1 (1); Itabaiana (7); Itaporanga (2); Itapororoca (5); Jo\u00e3o Pessoa (1179); Joca Claudino (1); Juazeirinho (1); Junco do Serid\u00f3 (3); Juripiranga (4); Lagoa Seca (4); Lucena (11); Mamanguape (6); Mari (18); Mariz\u00f3polis (3); Massaranduba (2); Mataraca (1); Matinhas (1); Matureia (1); Monteiro (2); Mulungu (3); Nova Floresta (1) Patos (93); Pedras de Fogo (26); Pianc\u00f3 (3); Pilar (7); Pil\u00f5es (1); Pil\u00f5ezinhos (6); Pirpirituba (3); Pitimbu (7); Pocinhos (1); Pombal (2); Princesa Isabel (3); Puxinan\u00e3 (1); Queimadas (3); Rem\u00edgio (6); Riach\u00e3o do Bacamarte (3); Riach\u00e3o do Po\u00e7o (1); Riacho dos Cavalos (2); Rio Tinto (12); Santa Helena (1); Santa Luzia (1); Santa Rita (208); S\u00e3o Bento (7); S\u00e3o Jo\u00e3o do Rio do Peixe (6); S\u00e3o Jos\u00e9 de Espinharas (1); S\u00e3o Jos\u00e9 de Piranhas (2); S\u00e3o Jos\u00e9 do Bonfim (1); S\u00e3o Jos\u00e9 dos Ramos (2); S\u00e3o Miguel de Taipu (2); S\u00e3o Sebasti\u00e3o de Lagoa de Ro\u00e7a (3); Sap\u00e9 (69); Serra Branca (1); Serra da Ra\u00edz (3); Serra Redonda (2); Sert\u00e3ozinho (2); Sobrado (2); Soledade (2); Sousa (31); Tacima (2); Tapero\u00e1 (18); Teixeira (1); Uira\u00fana (1); Umbuzeiro (2).<\/p>\n\n\n\n<p><strong>11 \u00f3bitos foram confirmados nas \u00faltimas 24h:<\/strong><\/p>\n\n\n\n<p><strong>Homem<\/strong>, idoso, 74 anos, diab\u00e9tico, hipertenso, residente em Jo\u00e3o Pessoa, in\u00edcio dos sintomas no dia 02\/04\/2020, interno em hospital p\u00fablico e veio a \u00f3bito no dia 09\/05\/2020.<\/p>\n\n\n\n<p><strong>Homem<\/strong>, adulto, 47 anos, diab\u00e9tico, hipertenso, card\u00edaco, residente em Sap\u00e9, inicio dos sintomas no dia 23\/04\/2020, interno em hospital p\u00fablico e veio a \u00f3bito no dia 09\/05\/2020.<\/p>\n\n\n\n<p><strong>Homem<\/strong>, idoso, 84 anos, diab\u00e9tico, residente em Jo\u00e3o Pessoa, in\u00edcio dos sintomas no dia 21\/04\/2020, interno em hospital p\u00fablico e veio a \u00f3bito no dia 09\/05\/2020.<\/p>\n\n\n\n<p><strong>Homem<\/strong>, idoso, 71 anos, diab\u00e9tico, residente em Cabedelo, in\u00edcio dos sintomas no dia 28\/04\/2020, interno em hospital p\u00fablico e veio a \u00f3bito no dia 09\/05\/2020.<\/p>\n\n\n\n<p><strong>Homem<\/strong>, idoso, 91 anos, diab\u00e9tico, hipertenso, card\u00edaco, residente em Santa Rita, in\u00edcio dos sintomas no dia 04\/05\/2020, interno em hospital p\u00fablico e veio a \u00f3bito no dia 08\/05\/2020.<\/p>\n\n\n\n<p><strong>Homem<\/strong>, idoso, 71 anos, hipertenso, diab\u00e9tico, residente em Santa Rita, in\u00edcio dos sintomas no dia 21\/04\/2020, interno em hospital p\u00fablico e veio a \u00f3bito no dia 09\/05\/2020.<\/p>\n\n\n\n<p><strong>Homem<\/strong>, idoso, 76 anos, hipertenso, residente em Jo\u00e3o Pessoa, in\u00edcio dos sintomas no dia 26\/04\/2020, interno em hospital p\u00fablico e veio a \u00f3bito no dia 09\/05\/2020.<\/p>\n\n\n\n<p><strong>Homem<\/strong>, adulto, 48 anos, hipertenso, residente em Cruz do Esp\u00edrito Santo, in\u00edcio dos sintomas no dia 25\/04\/2020, interno em hospital p\u00fablico e veio a \u00f3bito no dia 10\/05\/2020.<\/p>\n\n\n\n<p><strong>Homem<\/strong>, idoso, 75 anos, sem informa\u00e7\u00e3o de comorbidade, residente em Jo\u00e3o Pessoa, profissional da sa\u00fade, in\u00edcio dos sintomas no dia 28\/04\/2020, interno em hospital privado e veio a \u00f3bito no dia 09\/05\/2020.<\/p>\n\n\n\n<p><strong>Mulher<\/strong>, 41 anos, obesa, residente em Patos, in\u00edcio dos sintomas no dia 29\/04\/2020, interna em hospital p\u00fablico e veio a \u00f3bito no dia 05\/05\/2020.<\/p>\n\n\n\n<p><strong>Mulher<\/strong>, idosa, 75 anos, hipertensa , diab\u00e9tica, residente em Santa Rita , inicio dos sintomas no dia 28\/04\/2020, interna em hospital p\u00fablico e veio a \u00f3bito no dia 09\/05\/2020.<\/p>\n\n\n\n<figure class=\"wp-block-image\"><img decoding=\"async\" data-src=\"https:\/\/wscom.com.br\/wp-content\/uploads\/2020\/05\/WhatsApp-Image-2020-05-10-at-17.31.34.jpeg\" alt=\"\" class=\"wp-image-708301 lazyload\" src=\"data:image\/svg+xml;base64,PHN2ZyB3aWR0aD0iMSIgaGVpZ2h0PSIxIiB4bWxucz0iaHR0cDovL3d3dy53My5vcmcvMjAwMC9zdmciPjwvc3ZnPg==\" \/><\/figure>\n","protected":false},"excerpt":{"rendered":"<p>A Secretaria de Estado da Sa\u00fade (SES) divulgou um&nbsp;novo boletim epidemiol\u00f3gico, no final da tarde deste domingo (10), que registra um aumento de 185 novos&hellip; <\/p>\n","protected":false},"author":2,"featured_media":168622,"comment_status":"closed","ping_status":"closed","sticky":false,"template":"","format":"standard","meta":{"sfsi_plus_gutenberg_text_before_share":"","sfsi_plus_gutenberg_show_text_before_share":"","sfsi_plus_gutenberg_icon_type":"","sfsi_plus_gutenberg_icon_alignemt":"","sfsi_plus_gutenburg_max_per_row":"","footnotes":""},"categories":[2],"tags":[],"class_list":["post-168621","post","type-post","status-publish","format-standard","has-post-thumbnail","hentry","category-geral"],"_links":{"self":[{"href":"https:\/\/www.caririemacao.com\/1\/wp-json\/wp\/v2\/posts\/168621","targetHints":{"allow":["GET"]}}],"collection":[{"href":"https:\/\/www.caririemacao.com\/1\/wp-json\/wp\/v2\/posts"}],"about":[{"href":"https:\/\/www.caririemacao.com\/1\/wp-json\/wp\/v2\/types\/post"}],"author":[{"embeddable":true,"href":"https:\/\/www.caririemacao.com\/1\/wp-json\/wp\/v2\/users\/2"}],"replies":[{"embeddable":true,"href":"https:\/\/www.caririemacao.com\/1\/wp-json\/wp\/v2\/comments?post=168621"}],"version-history":[{"count":1,"href":"https:\/\/www.caririemacao.com\/1\/wp-json\/wp\/v2\/posts\/168621\/revisions"}],"predecessor-version":[{"id":168623,"href":"https:\/\/www.caririemacao.com\/1\/wp-json\/wp\/v2\/posts\/168621\/revisions\/168623"}],"wp:featuredmedia":[{"embeddable":true,"href":"https:\/\/www.caririemacao.com\/1\/wp-json\/wp\/v2\/media\/168622"}],"wp:attachment":[{"href":"https:\/\/www.caririemacao.com\/1\/wp-json\/wp\/v2\/media?parent=168621"}],"wp:term":[{"taxonomy":"category","embeddable":true,"href":"https:\/\/www.caririemacao.com\/1\/wp-json\/wp\/v2\/categories?post=168621"},{"taxonomy":"post_tag","embeddable":true,"href":"https:\/\/www.caririemacao.com\/1\/wp-json\/wp\/v2\/tags?post=168621"}],"curies":[{"name":"wp","href":"https:\/\/api.w.org\/{rel}","templated":true}]}}