{"id":168631,"date":"2020-05-11T06:41:58","date_gmt":"2020-05-11T09:41:58","guid":{"rendered":"https:\/\/www.caririemacao.com\/1\/?p=168631"},"modified":"2020-05-11T06:41:58","modified_gmt":"2020-05-11T09:41:58","slug":"policia-prende-suspeito-de-matar-homem-com-golpes-de-faca-no-sertao-da-paraiba","status":"publish","type":"post","link":"https:\/\/www.caririemacao.com\/1\/2020\/05\/11\/policia-prende-suspeito-de-matar-homem-com-golpes-de-faca-no-sertao-da-paraiba\/","title":{"rendered":"Pol\u00edcia prende suspeito de matar homem com golpes de faca no Sert\u00e3o da Para\u00edba"},"content":{"rendered":"\n<h3 class=\"wp-block-heading\"><\/h3>\n\n\n\n<p><\/p>\n\n\n\n<hr class=\"wp-block-separator\"\/>\n\n\n\n<p>A Pol\u00edcia Militar cumpriu um mandado de pris\u00e3o contra o acusado de matar um homem a facadas, em mar\u00e7o do ano passado, na cidade de Patos, no Sert\u00e3o da Para\u00edba. O suspeito do crime, que era procurado desde a \u00e9poca do homic\u00eddio, foi preso pelos policiais da 6\u00aa Companhia do Batalh\u00e3o de Opera\u00e7\u00f5es Especiais (BOPE), neste domingo (10), no bairro da Vit\u00f3ria.<\/p>\n\n\n\n<p>A pris\u00e3o foi realizada quando as equipes realizavam patrulhamento no bairro S\u00e3o Sebasti\u00e3o e abordaram o suspeito, dentro das atividades da Opera\u00e7\u00e3o do Dia das M\u00e3es \u2013 que foi deflagrada para refor\u00e7ar a seguran\u00e7a nas ruas neste domingo.<\/p>\n\n\n\n<p>O preso, de 24 anos, responde pelo crime de homic\u00eddio na 1\u00aa Vara de Patos. O homic\u00eddio do qual ele \u00e9 acusado foi praticado contra um homem de 48 anos, que realizava servi\u00e7os de capinagem, no dia 27 de mar\u00e7o de 2019, em uma casa desocupada, no bairro Dona Milindra.<\/p>\n\n\n\n<p>O suspeito foi apresentado na delegacia de Pol\u00edcia Civil, em Patos.<\/p>\n","protected":false},"excerpt":{"rendered":"<p>A Pol\u00edcia Militar cumpriu um mandado de pris\u00e3o contra o acusado de matar um homem a facadas, em mar\u00e7o do ano passado, na cidade de&hellip; <\/p>\n","protected":false},"author":2,"featured_media":164670,"comment_status":"closed","ping_status":"closed","sticky":false,"template":"","format":"standard","meta":{"sfsi_plus_gutenberg_text_before_share":"","sfsi_plus_gutenberg_show_text_before_share":"","sfsi_plus_gutenberg_icon_type":"","sfsi_plus_gutenberg_icon_alignemt":"","sfsi_plus_gutenburg_max_per_row":"","footnotes":""},"categories":[12],"tags":[],"class_list":["post-168631","post","type-post","status-publish","format-standard","has-post-thumbnail","hentry","category-policia"],"_links":{"self":[{"href":"https:\/\/www.caririemacao.com\/1\/wp-json\/wp\/v2\/posts\/168631","targetHints":{"allow":["GET"]}}],"collection":[{"href":"https:\/\/www.caririemacao.com\/1\/wp-json\/wp\/v2\/posts"}],"about":[{"href":"https:\/\/www.caririemacao.com\/1\/wp-json\/wp\/v2\/types\/post"}],"author":[{"embeddable":true,"href":"https:\/\/www.caririemacao.com\/1\/wp-json\/wp\/v2\/users\/2"}],"replies":[{"embeddable":true,"href":"https:\/\/www.caririemacao.com\/1\/wp-json\/wp\/v2\/comments?post=168631"}],"version-history":[{"count":1,"href":"https:\/\/www.caririemacao.com\/1\/wp-json\/wp\/v2\/posts\/168631\/revisions"}],"predecessor-version":[{"id":168633,"href":"https:\/\/www.caririemacao.com\/1\/wp-json\/wp\/v2\/posts\/168631\/revisions\/168633"}],"wp:featuredmedia":[{"embeddable":true,"href":"https:\/\/www.caririemacao.com\/1\/wp-json\/wp\/v2\/media\/164670"}],"wp:attachment":[{"href":"https:\/\/www.caririemacao.com\/1\/wp-json\/wp\/v2\/media?parent=168631"}],"wp:term":[{"taxonomy":"category","embeddable":true,"href":"https:\/\/www.caririemacao.com\/1\/wp-json\/wp\/v2\/categories?post=168631"},{"taxonomy":"post_tag","embeddable":true,"href":"https:\/\/www.caririemacao.com\/1\/wp-json\/wp\/v2\/tags?post=168631"}],"curies":[{"name":"wp","href":"https:\/\/api.w.org\/{rel}","templated":true}]}}