{"id":168635,"date":"2020-05-11T06:45:36","date_gmt":"2020-05-11T09:45:36","guid":{"rendered":"https:\/\/www.caririemacao.com\/1\/?p=168635"},"modified":"2020-05-11T06:45:36","modified_gmt":"2020-05-11T09:45:36","slug":"especial-coronavirus-maes-debutantes-revelam-esforcos-para-cuidar-dos-filhos","status":"publish","type":"post","link":"https:\/\/www.caririemacao.com\/1\/2020\/05\/11\/especial-coronavirus-maes-debutantes-revelam-esforcos-para-cuidar-dos-filhos\/","title":{"rendered":"Especial coronav\u00edrus: m\u00e3es \u00b4debutantes\u00b4 revelam esfor\u00e7os para cuidar dos filhos"},"content":{"rendered":"\n<h1 class=\"wp-block-heading\"><\/h1>\n\n\n\n<p>Foi o que aconteceu com a barista Jessica Storti, 30, que tem um filho de seis meses e tem se virado nas \u00faltimas semanas apenas com a ajuda do marido, Lucas, 25, pai de seu filho. Para ela, n\u00e3o poder ter a ajuda de amigos ou familiares neste per\u00edodo de crescimento do beb\u00ea, Noah, tem sido a sua maior dificuldade.<\/p>\n\n\n\n<p>\u201cMeu marido ajuda a cuidar do beb\u00ea quando n\u00e3o est\u00e1 trabalhando, e, aos finais de semana, um de n\u00f3s cuida dele enquanto o outro limpa a casa ou cozinha\u201d, conta. \u201c\u00c9 desafiador, mas eu aprendi a fazer muitas coisas com um bra\u00e7o, enquanto com o outro seguro o beb\u00ea.\u201d<\/p>\n\n\n\n<p>Quem n\u00e3o teve tempo de adapta\u00e7\u00e3o \u00e0 rotina de m\u00e3e antes da quarentena foi a administradora, Evelinne Lopes, 34, que teve a pequena Catarina em meio \u00e0 pandemia, em 17 de abril. \u201cA gente jamais esperava essa situa\u00e7\u00e3o no nascimento dela. T\u00ednhamos feito lembrancinhas de maternidade, falei para todos nos visitarem. \u00c9 a primeira neta da minha m\u00e3e, e ela estava muito ansiosa para ficar com ela o tempo todo\u201d, diz Lopes, ao lembrar que as av\u00f3s puderam ver a crian\u00e7a apenas atrav\u00e9s da janela do carro.<\/p>\n\n\n\n<p>Esperando pelos dias mais dif\u00edceis, Lopes foi surpreendida pela fam\u00edlia, que preparou um presente \u00e0 dist\u00e2ncia para receber o beb\u00ea. No dia em que ela voltou para a casa, dois dias ap\u00f3s o parto natural, sua m\u00e3e reuniu familiares para fazer uma homenagem ao beb\u00ea na rua do pr\u00e9dio em que a filha mora, no 3\u00ba andar -cada um com sua m\u00e1scara, \u00e1lcool em gel e evitando o contato, claro.<\/p>\n\n\n\n<p>Mesmo com os tr\u00eas andares e atrav\u00e9s de uma varanda envidra\u00e7ada, os familiares chamaram a pequena Catarina com gritos e puderam v\u00ea-la pela primeira vez, recebendo-a com uma faixa que dizia: Bem-vinda Catarina \/ Voc\u00ea \u00e9 sinal de amor, alegria e esperan\u00e7a para n\u00f3s.<\/p>\n\n\n\n<p>\u201cFoi super emocionante, pois chegamos tristes de n\u00e3o poder ter a fam\u00edlia perto\u201d, lembra a m\u00e3e. Desde ent\u00e3o, nenhum familiar viu a crian\u00e7a de perto, e a m\u00e3e conta com a ajuda do marido, o advogado Francisco Fonseca, 35, que tirou f\u00e9rias para ajudar nestas primeiras semanas, al\u00e9m de usar servi\u00e7os de delivery e refei\u00e7\u00f5es deixadas na portaria de seu pr\u00e9dio pelas av\u00f3s da filha.<\/p>\n\n\n\n<p>A administradora conta que teve um p\u00f3s-parto tranquilo, mas percebeu em muitos grupos de m\u00e3es nas redes sociais que a depress\u00e3o p\u00f3s-parto aflinge muitas mulheres, especialmente por causa deste per\u00edodo de isolamento. A analista comercial Edna Reis, 29, tinha medo de entrar para essa estat\u00edstica, uma vez que passou por este per\u00edodo de depress\u00e3o com seu primeiro filho, Murilo, 7, e acabou descobrindo uma gravidez n\u00e3o planejada que deu \u00e0 luz Helo\u00edsa, no dia 29 de mar\u00e7o.<\/p>\n\n\n\n<p>\u201cPra mim, a imagem da gravidez era aquilo. Eu tinha medo de engravidar novamente e ser igual ou pior. Sempre falei que n\u00e3o tinha estrutura emocional para passar por tudo aquilo novamente\u201d, conta. \u201cMas n\u00f3s aceitamos e nos adequamos. Acabei optando pela ces\u00e1rea, porque estava muito preocupada com a pandemia. A cada dia que se passava os n\u00fameros aumentavam, e eu precisaria ficar em um hospital, o ambiente menos adequado para ficar neste momento. Fiquei com muito medo\u201d.<\/p>\n\n\n\n<p>Foto: Paula Fr\u00f3es\/GOVBA<\/p>\n\n\n\n<p><strong>DIA DAS M\u00c3ES VIRTUAL<\/strong><br>Com a fam\u00edlia distante, o Dia das M\u00e3es neste domingo (10) ser\u00e1 diferente para a maioria delas -em parte, por agora serem oficialmente m\u00e3es, mas tamb\u00e9m porque n\u00e3o celebrar\u00e3o com as tradicionais reuni\u00f5es familiares. As novas mam\u00e3es far\u00e3o uma comemora\u00e7\u00e3o reduzida, mas especial, com seus respectivos maridos e beb\u00eas. \u201cApesar de nesta quarentena termos que ficar em isolamento, n\u00f3s temos motivos para comemorar. N\u00e3o podemos passar em branco\u201d, diz Edna Reis.<\/p>\n\n\n\n<p>Para driblar as saudades da fam\u00edlia e conseguir aproxim\u00e1-la do novo integrante, a sa\u00edda \u00e9 fazer videoconfer\u00eancias por aplicativos como Zoom, Hangouts e Skype. Jessica Storti afirma que todos os dias manda fotos ou faz chamadas de v\u00eddeo com os av\u00f3s de Noah, para que eles acompanhem o crescimento do beb\u00ea, mesmo que de longe.<\/p>\n\n\n\n<p>Evelinne Lopes usa do mesmo artif\u00edcio, e criou at\u00e9 um perfil no Instagram apenas para publicar fotos do dia a dia de Catarina, com registros da troca de fralda, banho etc. \u201cAinda bem que temos hoje esses recursos, que ajudam bastante\u201d, diz ela. Reis aproveita as facilidades da tecnologia at\u00e9 para fazer consultas com um pediatra, garantindo um bom desenvolvimento do beb\u00ea, sem ter que exp\u00f4-lo ao mundo exterior.<\/p>\n\n\n\n<p>Quando o isolamento acabar, a maioria delas j\u00e1 sabe o que far\u00e1: \u201cDesacelerar na vida. Antes da quarentena, eu estava sempre tentando ter uma agenda cheia e sair muito. Estive aproveitando esse tempo em casa sem planos, apenas aproveitando o tempo em que estou com meu beb\u00ea\u201d, diz Storti. \u201cA primeira coisa que vamos fazer \u00e9 abra\u00e7ar todo mundo e ficar perto o m\u00e1ximo poss\u00edvel\u201d, acrescenta Lopes.<\/p>\n","protected":false},"excerpt":{"rendered":"<p>Foi o que aconteceu com a barista Jessica Storti, 30, que tem um filho de seis meses e tem se virado nas \u00faltimas semanas apenas&hellip; <\/p>\n","protected":false},"author":2,"featured_media":168636,"comment_status":"closed","ping_status":"closed","sticky":false,"template":"","format":"standard","meta":{"sfsi_plus_gutenberg_text_before_share":"","sfsi_plus_gutenberg_show_text_before_share":"","sfsi_plus_gutenberg_icon_type":"","sfsi_plus_gutenberg_icon_alignemt":"","sfsi_plus_gutenburg_max_per_row":"","footnotes":""},"categories":[2],"tags":[],"class_list":["post-168635","post","type-post","status-publish","format-standard","has-post-thumbnail","hentry","category-geral"],"_links":{"self":[{"href":"https:\/\/www.caririemacao.com\/1\/wp-json\/wp\/v2\/posts\/168635","targetHints":{"allow":["GET"]}}],"collection":[{"href":"https:\/\/www.caririemacao.com\/1\/wp-json\/wp\/v2\/posts"}],"about":[{"href":"https:\/\/www.caririemacao.com\/1\/wp-json\/wp\/v2\/types\/post"}],"author":[{"embeddable":true,"href":"https:\/\/www.caririemacao.com\/1\/wp-json\/wp\/v2\/users\/2"}],"replies":[{"embeddable":true,"href":"https:\/\/www.caririemacao.com\/1\/wp-json\/wp\/v2\/comments?post=168635"}],"version-history":[{"count":1,"href":"https:\/\/www.caririemacao.com\/1\/wp-json\/wp\/v2\/posts\/168635\/revisions"}],"predecessor-version":[{"id":168637,"href":"https:\/\/www.caririemacao.com\/1\/wp-json\/wp\/v2\/posts\/168635\/revisions\/168637"}],"wp:featuredmedia":[{"embeddable":true,"href":"https:\/\/www.caririemacao.com\/1\/wp-json\/wp\/v2\/media\/168636"}],"wp:attachment":[{"href":"https:\/\/www.caririemacao.com\/1\/wp-json\/wp\/v2\/media?parent=168635"}],"wp:term":[{"taxonomy":"category","embeddable":true,"href":"https:\/\/www.caririemacao.com\/1\/wp-json\/wp\/v2\/categories?post=168635"},{"taxonomy":"post_tag","embeddable":true,"href":"https:\/\/www.caririemacao.com\/1\/wp-json\/wp\/v2\/tags?post=168635"}],"curies":[{"name":"wp","href":"https:\/\/api.w.org\/{rel}","templated":true}]}}