{"id":168639,"date":"2020-05-11T06:51:33","date_gmt":"2020-05-11T09:51:33","guid":{"rendered":"https:\/\/www.caririemacao.com\/1\/?p=168639"},"modified":"2020-05-11T06:51:33","modified_gmt":"2020-05-11T09:51:33","slug":"paraiba-mais-de-100-municipios-possuem-casos-da-covid-19-135-pessoas-ja-morreram","status":"publish","type":"post","link":"https:\/\/www.caririemacao.com\/1\/2020\/05\/11\/paraiba-mais-de-100-municipios-possuem-casos-da-covid-19-135-pessoas-ja-morreram\/","title":{"rendered":"PARA\u00cdBA: Mais de 100 munic\u00edpios possuem casos da Covid-19; 135 pessoas j\u00e1 morreram"},"content":{"rendered":"\n<h1 class=\"wp-block-heading\"><\/h1>\n\n\n\n<p><\/p>\n\n\n\n<p>A Secretaria de Estado da Sa\u00fade divulgou novo boletim epidemiol\u00f3gico que informa os n\u00fameros dos casos confirmados e mortes provocadas pelo novo coronav\u00edrus.<\/p>\n\n\n\n<p>Neste domingo, 10, a Para\u00edba registra 185 novos casos e 11 \u00f3bitos. Assim, o Estado atinge o n\u00famero de 2.341 casos. Destes, 135 faleceram e 537 j\u00e1 se recuperaram, segundo informa\u00e7\u00f5es das Secretarias Municipais de Sa\u00fade.<\/p>\n\n\n\n<p>Outros 2.526 casos investigados j\u00e1 foram descartados para Covid-19. Dos leitos de UTI para adultos ativados na Regi\u00e3o Metropolitana de Jo\u00e3o Pessoa, 75% est\u00e3o ocupados. O \u00cdndice de Isolamento social registrado pela Inloco no dia anterior \u00e9 de 41,7%%<\/p>\n\n\n\n<p>Os casos confirmados est\u00e3o em 101 munic\u00edpios paraibanos:<\/p>\n\n\n\n<p>Alagoa Grande (6); Alagoa Nova (1); Alagoinha (3); Alhandra (24); Ara\u00e7agi (4); Areia (4); Aroeiras (1); Baia da Trai\u00e7\u00e3o ( 4); Bananeiras&nbsp; (1); Barra de Santana (2);&nbsp; Barra de S\u00e3o Miguel (1); Bayeux (68); Bom Jesus (1); Boqueir\u00e3o (1); Borborema&nbsp; (1);&nbsp; Brejo do Cruz (1); Caapor\u00e3 (40); Cabedelo (89); Cai\u00e7ara (2); Cajazeiras (18); Cajazeirinhas (1) Campina Grande (108); Capim (1);&nbsp; Casserengue (1); Catingueira (1); Condado (11);&nbsp; Conde (20); Congo (2); Coremas (4); Coxixola (3); Cruz do Esp\u00edrito Santo (21); Cuiteg\u00ed (4), Esperan\u00e7a (4); Gado Bravo (1);&nbsp; Guarabira (73); Gurinh\u00e9m (4); Igaracy (1); Imaculada (3); Ing\u00e1 (1); Itabaiana (7); Itaporanga (2); Itapororoca (5); Jo\u00e3o Pessoa (1179); Joca Claudino (1); Juazeirinho (1);&nbsp; Junco do Serid\u00f3 (3); Juripiranga (4);&nbsp; Lagoa Seca (4); Lucena (11); Mamanguape (6); Mari (18); Mariz\u00f3polis (3); Massaranduba (2); Mataraca (1); Matinhas (1); Matureia (1);&nbsp; Monteiro (2); Mulungu (3); Nova Floresta (1) Patos (93); Pedras de Fogo (26); Pianc\u00f3 (3); Pilar (7); Pil\u00f5es (1); Pil\u00f5ezinhos (6); Pirpirituba (3); Pitimbu (7); Pocinhos (1);&nbsp; Pombal (2); Princesa Isabel (3); Puxinan\u00e3 (1);&nbsp; Queimadas (3); Rem\u00edgio (6); Riach\u00e3o do Bacamarte (3);&nbsp; Riach\u00e3o do Po\u00e7o (1); Riacho dos Cavalos (2); Rio Tinto (12); Santa Helena (1); Santa Luzia (1); Santa Rita (208);&nbsp; S\u00e3o Bento (7); S\u00e3o Jo\u00e3o do Rio do Peixe (6); S\u00e3o Jos\u00e9 de Espinharas (1); S\u00e3o Jos\u00e9 de Piranhas (2); S\u00e3o Jos\u00e9 do Bonfim (1); S\u00e3o Jos\u00e9 dos Ramos (2); S\u00e3o Miguel de Taipu (2); S\u00e3o Sebasti\u00e3o de Lagoa de Ro\u00e7a (3); Sap\u00e9 (69); Serra Branca (1); Serra da Ra\u00edz (3); Serra Redonda (2); Sert\u00e3ozinho (2); Sobrado (2); Soledade (2); Sousa (31); Tacima (2); Tapero\u00e1 (18); Teixeira (1);&nbsp; Uira\u00fana (1); Umbuzeiro (2).<\/p>\n\n\n\n<p>Nas \u00faltimas 24 horas foram registrados mais 11 \u00f3bitos, sendo:<\/p>\n\n\n\n<p>\u2013 Homem, idoso, 74 anos, diab\u00e9tico, hipertenso, residente em Jo\u00e3o Pessoa, in\u00edcio dos sintomas no dia 02\/04\/2020, interno em hospital p\u00fablico e veio a \u00f3bito no dia 09\/05\/2020.<\/p>\n\n\n\n<p>\u2013 Homem, adulto, 47 anos, diab\u00e9tico, hipertenso, card\u00edaco, residente em Sap\u00e9, in\u00edcio dos sintomas no dia 23\/04\/2020, interno em hospital p\u00fablico e veio a \u00f3bito no dia 09\/05\/2020.<\/p>\n\n\n\n<p>\u2013 Homem, idoso, 84 anos, diab\u00e9tico, residente em Jo\u00e3o Pessoa, in\u00edcio dos sintomas no dia 21\/04\/2020, interno em hospital p\u00fablico e veio a \u00f3bito no dia 09\/05\/2020.<\/p>\n\n\n\n<p>\u2013 Homem, idoso, 71 anos, diab\u00e9tico, residente em Cabedelo, in\u00edcio dos sintomas no dia 28\/04\/2020, interno em hospital p\u00fablico e veio a \u00f3bito no dia 09\/05\/2020.<\/p>\n\n\n\n<p>\u2013 Homem, idoso, 91 anos, diab\u00e9tico, hipertenso, card\u00edaco, residente em Santa Rita, in\u00edcio dos sintomas no dia 04\/05\/2020, interno em hospital p\u00fablico e veio a \u00f3bito no dia 08\/05\/2020.<\/p>\n\n\n\n<p>\u2013 Homem, idoso, 71 anos, hipertenso, diab\u00e9tico, residente em Santa Rita, in\u00edcio dos sintomas no dia 21\/04\/2020, interno em hospital p\u00fablico e veio a \u00f3bito no dia 09\/05\/2020.<\/p>\n\n\n\n<p>\u2013 Homem, idoso, 76 anos, hipertenso, residente em Jo\u00e3o Pessoa, in\u00edcio dos sintomas no dia 26\/04\/2020, interno em hospital p\u00fablico e veio a \u00f3bito no dia 09\/05\/2020.<\/p>\n\n\n\n<p>\u2013 Homem, adulto, 48 anos, hipertenso, residente em Cruz do Esp\u00edrito Santo, in\u00edcio dos sintomas no dia 25\/04\/2020, interno em hospital p\u00fablico e veio a \u00f3bito no dia 10\/05\/2020.<\/p>\n\n\n\n<p>\u2013 Homem, idoso, 75 anos, sem informa\u00e7\u00e3o de comorbidade, residente em Jo\u00e3o Pessoa, profissional da sa\u00fade, in\u00edcio dos sintomas no dia 28\/04\/2020, interno em hospital privado e veio a \u00f3bito no dia 09\/05\/2020.<\/p>\n\n\n\n<p>\u2013 Mulher, 41 anos, obesa, residente em Patos, in\u00edcio dos sintomas no dia 29\/04\/2020, interna em hospital p\u00fablico e veio a \u00f3bito no dia 05\/05\/2020.<\/p>\n\n\n\n<p>\u2013 Mulher, idosa, 75 anos, hipertensa, diab\u00e9tica, residente em Santa Rita, in\u00edcio dos sintomas no dia 28\/04\/2020, interna em hospital p\u00fablico e veio a \u00f3bito no dia 09\/05\/2020.<\/p>\n\n\n\n<p>Os dados epidemiol\u00f3gicos e de ocupa\u00e7\u00e3o de leitos podem ser acompanhados em paraiba.pb.gov.br\/coronavirus<\/p>\n","protected":false},"excerpt":{"rendered":"<p>A Secretaria de Estado da Sa\u00fade divulgou novo boletim epidemiol\u00f3gico que informa os n\u00fameros dos casos confirmados e mortes provocadas pelo novo coronav\u00edrus. Neste domingo,&hellip; <\/p>\n","protected":false},"author":2,"featured_media":168640,"comment_status":"closed","ping_status":"closed","sticky":false,"template":"","format":"standard","meta":{"sfsi_plus_gutenberg_text_before_share":"","sfsi_plus_gutenberg_show_text_before_share":"","sfsi_plus_gutenberg_icon_type":"","sfsi_plus_gutenberg_icon_alignemt":"","sfsi_plus_gutenburg_max_per_row":"","footnotes":""},"categories":[2],"tags":[],"class_list":["post-168639","post","type-post","status-publish","format-standard","has-post-thumbnail","hentry","category-geral"],"_links":{"self":[{"href":"https:\/\/www.caririemacao.com\/1\/wp-json\/wp\/v2\/posts\/168639","targetHints":{"allow":["GET"]}}],"collection":[{"href":"https:\/\/www.caririemacao.com\/1\/wp-json\/wp\/v2\/posts"}],"about":[{"href":"https:\/\/www.caririemacao.com\/1\/wp-json\/wp\/v2\/types\/post"}],"author":[{"embeddable":true,"href":"https:\/\/www.caririemacao.com\/1\/wp-json\/wp\/v2\/users\/2"}],"replies":[{"embeddable":true,"href":"https:\/\/www.caririemacao.com\/1\/wp-json\/wp\/v2\/comments?post=168639"}],"version-history":[{"count":1,"href":"https:\/\/www.caririemacao.com\/1\/wp-json\/wp\/v2\/posts\/168639\/revisions"}],"predecessor-version":[{"id":168641,"href":"https:\/\/www.caririemacao.com\/1\/wp-json\/wp\/v2\/posts\/168639\/revisions\/168641"}],"wp:featuredmedia":[{"embeddable":true,"href":"https:\/\/www.caririemacao.com\/1\/wp-json\/wp\/v2\/media\/168640"}],"wp:attachment":[{"href":"https:\/\/www.caririemacao.com\/1\/wp-json\/wp\/v2\/media?parent=168639"}],"wp:term":[{"taxonomy":"category","embeddable":true,"href":"https:\/\/www.caririemacao.com\/1\/wp-json\/wp\/v2\/categories?post=168639"},{"taxonomy":"post_tag","embeddable":true,"href":"https:\/\/www.caririemacao.com\/1\/wp-json\/wp\/v2\/tags?post=168639"}],"curies":[{"name":"wp","href":"https:\/\/api.w.org\/{rel}","templated":true}]}}