{"id":168643,"date":"2020-05-11T06:54:04","date_gmt":"2020-05-11T09:54:04","guid":{"rendered":"https:\/\/www.caririemacao.com\/1\/?p=168643"},"modified":"2020-05-11T06:54:04","modified_gmt":"2020-05-11T09:54:04","slug":"ministro-reclamou-de-bola-nas-costas-do-presidente-bolsonaro","status":"publish","type":"post","link":"https:\/\/www.caririemacao.com\/1\/2020\/05\/11\/ministro-reclamou-de-bola-nas-costas-do-presidente-bolsonaro\/","title":{"rendered":"Ministro reclamou de \u00b4bola nas costas\u00b4 do presidente Bolsonaro"},"content":{"rendered":"\n<h1 class=\"wp-block-heading\"><\/h1>\n\n\n\n<p>Depois da conversa, o presidente mudou o discurso.<\/p>\n\n\n\n<p>O ministro da Economia queixou-se a Bolsonaro do que avaliou ter sido uma bolada nas costas no projeto de socorro aos estados.<\/p>\n\n\n\n<p>Com o patroc\u00ednio do presidente, diversas categorias foram poupadas do congelamento salarial na vota\u00e7\u00e3o do Congresso. Guedes havia sido o principal articulador dessa trava e saiu derrotado.<\/p>\n\n\n\n<p>Nessa reuni\u00e3o, o ministro advogou junto ao presidente pelo veto, demonstrou a Bolsonaro que a decis\u00e3o teria efeitos negativos na economia, com a rea\u00e7\u00e3o adversa de investidores, o que p\u00f5e em risco a pr\u00f3pria sobreviv\u00eancia do governo dele.<\/p>\n\n\n\n<p>Guedes ressaltou ainda que se trata de uma injusti\u00e7a, pois o setor privado j\u00e1 sofre com demiss\u00f5es em massa e a recess\u00e3o vai se agravar.<\/p>\n\n\n\n<p>Na vis\u00e3o de auxiliares do ministro, Bolsonaro age para atender a sua clientela mas tem no\u00e7\u00e3o de \u201ccausa e efeito\u201d quando se trata de Guedes. E, por isso, h\u00e1 expectativa de que o presidente cumprir\u00e1 o compromisso de vetar o reajuste de servidores, apesar da press\u00e3o contr\u00e1ria de aliados.<\/p>\n","protected":false},"excerpt":{"rendered":"<p>Depois da conversa, o presidente mudou o discurso. O ministro da Economia queixou-se a Bolsonaro do que avaliou ter sido uma bolada nas costas no&hellip; <\/p>\n","protected":false},"author":2,"featured_media":168441,"comment_status":"closed","ping_status":"closed","sticky":false,"template":"","format":"standard","meta":{"sfsi_plus_gutenberg_text_before_share":"","sfsi_plus_gutenberg_show_text_before_share":"","sfsi_plus_gutenberg_icon_type":"","sfsi_plus_gutenberg_icon_alignemt":"","sfsi_plus_gutenburg_max_per_row":"","footnotes":""},"categories":[11],"tags":[],"class_list":["post-168643","post","type-post","status-publish","format-standard","has-post-thumbnail","hentry","category-politica"],"_links":{"self":[{"href":"https:\/\/www.caririemacao.com\/1\/wp-json\/wp\/v2\/posts\/168643","targetHints":{"allow":["GET"]}}],"collection":[{"href":"https:\/\/www.caririemacao.com\/1\/wp-json\/wp\/v2\/posts"}],"about":[{"href":"https:\/\/www.caririemacao.com\/1\/wp-json\/wp\/v2\/types\/post"}],"author":[{"embeddable":true,"href":"https:\/\/www.caririemacao.com\/1\/wp-json\/wp\/v2\/users\/2"}],"replies":[{"embeddable":true,"href":"https:\/\/www.caririemacao.com\/1\/wp-json\/wp\/v2\/comments?post=168643"}],"version-history":[{"count":1,"href":"https:\/\/www.caririemacao.com\/1\/wp-json\/wp\/v2\/posts\/168643\/revisions"}],"predecessor-version":[{"id":168645,"href":"https:\/\/www.caririemacao.com\/1\/wp-json\/wp\/v2\/posts\/168643\/revisions\/168645"}],"wp:featuredmedia":[{"embeddable":true,"href":"https:\/\/www.caririemacao.com\/1\/wp-json\/wp\/v2\/media\/168441"}],"wp:attachment":[{"href":"https:\/\/www.caririemacao.com\/1\/wp-json\/wp\/v2\/media?parent=168643"}],"wp:term":[{"taxonomy":"category","embeddable":true,"href":"https:\/\/www.caririemacao.com\/1\/wp-json\/wp\/v2\/categories?post=168643"},{"taxonomy":"post_tag","embeddable":true,"href":"https:\/\/www.caririemacao.com\/1\/wp-json\/wp\/v2\/tags?post=168643"}],"curies":[{"name":"wp","href":"https:\/\/api.w.org\/{rel}","templated":true}]}}