{"id":168647,"date":"2020-05-11T06:58:34","date_gmt":"2020-05-11T09:58:34","guid":{"rendered":"https:\/\/www.caririemacao.com\/1\/?p=168647"},"modified":"2020-05-11T06:58:34","modified_gmt":"2020-05-11T09:58:34","slug":"governo-publica-mp-que-abre-credito-para-empresas-de-turismo","status":"publish","type":"post","link":"https:\/\/www.caririemacao.com\/1\/2020\/05\/11\/governo-publica-mp-que-abre-credito-para-empresas-de-turismo\/","title":{"rendered":"Governo publica MP que abre cr\u00e9dito para empresas de turismo"},"content":{"rendered":"\n<h1 class=\"wp-block-heading\"><\/h1>\n\n\n\n<p>No Dia Nacional do Turismo, celebrado na \u00faltima sexta-feira (8), o governo federal publicou a Medida Provis\u00f3ria 963, que abre cr\u00e9dito extraordin\u00e1rio de R$ 5 bilh\u00f5es&nbsp;destinado a empresas do setor. A iniciativa j\u00e1&nbsp;havia sido antecipada&nbsp;pelo ministro do Turismo, Marcelo \u00c1lvaro Antonio, no final do m\u00eas passado.<\/p>\n\n\n\n<p>Ao todo, foram disponibilizados R$ 5 bilh\u00f5es em cr\u00e9ditos emergenciais para empresas do setor, incluindo os micro e pequenos neg\u00f3cios. Os recursos v\u00e3o refor\u00e7ar o caixa do Fundo Geral do Turismo (Fungetur) com abertura de novas linhas de empr\u00e9stimo. A maior parte desses recursos (80%) ser\u00e1 reservada para micro, pequenas e m\u00e9dias empresas. O restante (20%) ser\u00e1 oferecido \u00e0s grandes empresas do setor.<\/p>\n\n\n\n<p>De acordo com o minist\u00e9rio, o dinheiro atender\u00e1 os prestadores de servi\u00e7os tur\u00edsticos cadastrados no Cadastur (sistema de cadastro de pessoas f\u00edsicas e jur\u00eddicas que atuam no setor de turismo) que conta, atualmente, com mais de 103 mil inscritos.<\/p>\n\n\n\n<p>Poder\u00e3o ter acesso ao cr\u00e9dito empresas das seguintes \u00e1reas: acampamento tur\u00edstico, ag\u00eancias de turismo, meios de hospedagem, parques tem\u00e1ticos, transportadora tur\u00edstica, casas de espet\u00e1culos e equipamentos de anima\u00e7\u00e3o tur\u00edstica, centro de conven\u00e7\u00f5es, empreendimento de apoio ao turismo n\u00e1utico ou \u00e0 pesca desportiva, empreendimento de entretenimento e lazer e parques aqu\u00e1ticos, locadora de ve\u00edculos, organizador de eventos, prestador de servi\u00e7os de infraestrutura de apoio a eventos, prestador especializado em segmentos tur\u00edsticos, al\u00e9m de restaurantes, cafeterias e bares.<\/p>\n\n\n\n<p>\u201cEsse recurso \u00e9 de livre utiliza\u00e7\u00e3o pela empresa, pode ser utilizado para capital de giro para compra de equipamentos ou para reforma. Uma vez acessado, \u00e9 de livre circula\u00e7\u00e3o\u201d, disse o ministro durante coletiva no Pal\u00e1cio do Planalto, para detalhar a MP.<\/p>\n\n\n\n<p>\u201cAs taxas praticadas pelo Fungetur v\u00e3o ser abaixo de 1% [ao m\u00eas]. Isso nunca teve na hist\u00f3ria do turismo. Queremos melhorar ainda mais isso na pr\u00f3xima semana, com a Caixa, assemelhar a um dos cr\u00e9ditos mais baratos que tem no mercado, por exemplo, que \u00e9 o cr\u00e9dito imobili\u00e1rio\u201d, acrescentou Marcelo \u00c1lvaro Antonio. Segundo ele, o per\u00edodo de car\u00eancia para o pagamento desses empr\u00e9stimos poder\u00e1 ser de at\u00e9 12 meses.<\/p>\n\n\n\n<p>Micros e pequenos empres\u00e1rios poder\u00e3o dispor de at\u00e9 R$ 1 milh\u00e3o. Empres\u00e1rios de m\u00e9dio porte poder\u00e3o contar com at\u00e9 R$ 3 milh\u00f5es e os de grande porte poder\u00e3o dispor de at\u00e9 R$ 30 milh\u00f5es.<\/p>\n\n\n\n<p>A pasta tamb\u00e9m destacou que 17 bancos e institui\u00e7\u00f5es financeiras credenciadas junto ao Fungetur v\u00e3o operacionalizar os empr\u00e9stimos, mas a maior parte das linhas de cr\u00e9dito ser\u00e3o disponibilizadas pela Caixa Econ\u00f4mica Federal.<\/p>\n\n\n\n<p><strong>Guias de turismo<\/strong><\/p>\n\n\n\n<p>O ministro tamb\u00e9m anunciou que, na pr\u00f3xima semana, a pasta deve lan\u00e7ar uma linha de cr\u00e9dito espec\u00edfica voltado para pessoa f\u00edsica. A ideia \u00e9 atender a cerca de 20 mil guias de turismo em todo o pa\u00eds.<\/p>\n\n\n\n<p>A pasta ainda anunciou a ado\u00e7\u00e3o de medidas para facilitar a retomada das opera\u00e7\u00f5es do setor, a partir do fim do isolamento social. Entre as iniciativa, o ministro destacou a cria\u00e7\u00e3o de um selo de biosseguran\u00e7a, que poder\u00e1 ser utilizado por estabelecimentos tur\u00edsticos de todo o pa\u00eds.<\/p>\n\n\n\n<p>\u201cEsse selo via credenciar alguns segmentos do turismo para que os turistas saibam que existe uma responsabilidade de higiene, de preven\u00e7\u00e3o ao covid-19\u201d, explicou. O selo foi desenvolvido a partir de protocolos elaborados pelo minist\u00e9rio em parceria com a Ag\u00eancia Nacional de Vigil\u00e2ncia Sanit\u00e1ria<\/p>\n","protected":false},"excerpt":{"rendered":"<p>No Dia Nacional do Turismo, celebrado na \u00faltima sexta-feira (8), o governo federal publicou a Medida Provis\u00f3ria 963, que abre cr\u00e9dito extraordin\u00e1rio de R$ 5&hellip; <\/p>\n","protected":false},"author":2,"featured_media":168648,"comment_status":"closed","ping_status":"closed","sticky":false,"template":"","format":"standard","meta":{"sfsi_plus_gutenberg_text_before_share":"","sfsi_plus_gutenberg_show_text_before_share":"","sfsi_plus_gutenberg_icon_type":"","sfsi_plus_gutenberg_icon_alignemt":"","sfsi_plus_gutenburg_max_per_row":"","footnotes":""},"categories":[50,2],"tags":[],"class_list":["post-168647","post","type-post","status-publish","format-standard","has-post-thumbnail","hentry","category-destaque","category-geral"],"_links":{"self":[{"href":"https:\/\/www.caririemacao.com\/1\/wp-json\/wp\/v2\/posts\/168647","targetHints":{"allow":["GET"]}}],"collection":[{"href":"https:\/\/www.caririemacao.com\/1\/wp-json\/wp\/v2\/posts"}],"about":[{"href":"https:\/\/www.caririemacao.com\/1\/wp-json\/wp\/v2\/types\/post"}],"author":[{"embeddable":true,"href":"https:\/\/www.caririemacao.com\/1\/wp-json\/wp\/v2\/users\/2"}],"replies":[{"embeddable":true,"href":"https:\/\/www.caririemacao.com\/1\/wp-json\/wp\/v2\/comments?post=168647"}],"version-history":[{"count":1,"href":"https:\/\/www.caririemacao.com\/1\/wp-json\/wp\/v2\/posts\/168647\/revisions"}],"predecessor-version":[{"id":168649,"href":"https:\/\/www.caririemacao.com\/1\/wp-json\/wp\/v2\/posts\/168647\/revisions\/168649"}],"wp:featuredmedia":[{"embeddable":true,"href":"https:\/\/www.caririemacao.com\/1\/wp-json\/wp\/v2\/media\/168648"}],"wp:attachment":[{"href":"https:\/\/www.caririemacao.com\/1\/wp-json\/wp\/v2\/media?parent=168647"}],"wp:term":[{"taxonomy":"category","embeddable":true,"href":"https:\/\/www.caririemacao.com\/1\/wp-json\/wp\/v2\/categories?post=168647"},{"taxonomy":"post_tag","embeddable":true,"href":"https:\/\/www.caririemacao.com\/1\/wp-json\/wp\/v2\/tags?post=168647"}],"curies":[{"name":"wp","href":"https:\/\/api.w.org\/{rel}","templated":true}]}}