{"id":168660,"date":"2020-05-11T07:08:13","date_gmt":"2020-05-11T10:08:13","guid":{"rendered":"https:\/\/www.caririemacao.com\/1\/?p=168660"},"modified":"2020-05-11T07:08:13","modified_gmt":"2020-05-11T10:08:13","slug":"guedes-reitera-que-governo-nao-quer-aumentar-impostos","status":"publish","type":"post","link":"https:\/\/www.caririemacao.com\/1\/2020\/05\/11\/guedes-reitera-que-governo-nao-quer-aumentar-impostos\/","title":{"rendered":"Guedes reitera que governo n\u00e3o quer aumentar impostos"},"content":{"rendered":"\n<h2 class=\"wp-block-heading\"><\/h2>\n\n\n\n<p>O ministro da Economia, Paulo Guedes, voltou a dizer neste s\u00e1bado (9) que o governo n\u00e3o pretende aumentar impostos e que, na proposta de reforma tribut\u00e1ria, poder\u00e1 at\u00e9 prever a redu\u00e7\u00e3o de encargos.<br><br>\u2013 N\u00e3o consigo vislumbrar aumento de impostos. Podemos configurar a redu\u00e7\u00e3o de impostos \u2013 afirmou Guedes durante uma videoconfer\u00eancia.<br><br>A fala foi dada durante uma live promovida pelo Ita\u00fa BBA, em debate sobre medidas superar a crise econ\u00f4mica causada pelo novo coronav\u00edrus.<br><br>A investidores, o ministro fez quest\u00e3o de ressaltar que o forte rombo das contas p\u00fablicas em 2020, por causa da pandemia, deve ser algo excepcional.<br><br>\u2013 N\u00f3s vamos continuar sinalizando a conten\u00e7\u00e3o de despesas \u2013 frisou, em rela\u00e7\u00e3o ao ajuste fiscal pretendido para os pr\u00f3ximos anos.<br><br>O ministro voltou a defender que servidores p\u00fablicos n\u00e3o tenham aumento salarial at\u00e9 o fim de 2021. Essa medida foi proposta pela equipe econ\u00f4mica como contrapartida para liberar mais dinheiro no plano de socorro financeiro aos estados e munic\u00edpios durante a pandemia.<br><br>Para Guedes, \u201cseria um equ\u00edvoco brutal\u201d conceder reajuste a servidores p\u00fablicos, que t\u00eam estabilidade no cargo, em meio a um per\u00edodo de crise econ\u00f4mica.<br><br>No entanto, durante a videoconfer\u00eancia, ele reconheceu que essa recupera\u00e7\u00e3o poder\u00e1 ser muito mais dif\u00edcil se a pandemia persistir no segundo semestre.<br><br>Apesar de o governo n\u00e3o ter divulgado ainda dados do comportamento do mercado de trabalho neste ano, Guedes disse que um milh\u00e3o de pessoas perderam trabalho formal, o que ele considerou pouco em rela\u00e7\u00e3o a 26 milh\u00f5es de desempregados nos Estados Unidos na crise.<\/p>\n","protected":false},"excerpt":{"rendered":"<p>O ministro da Economia, Paulo Guedes, voltou a dizer neste s\u00e1bado (9) que o governo n\u00e3o pretende aumentar impostos e que, na proposta de reforma&hellip; <\/p>\n","protected":false},"author":2,"featured_media":168662,"comment_status":"closed","ping_status":"closed","sticky":false,"template":"","format":"standard","meta":{"sfsi_plus_gutenberg_text_before_share":"","sfsi_plus_gutenberg_show_text_before_share":"","sfsi_plus_gutenberg_icon_type":"","sfsi_plus_gutenberg_icon_alignemt":"","sfsi_plus_gutenburg_max_per_row":"","footnotes":""},"categories":[2],"tags":[],"class_list":["post-168660","post","type-post","status-publish","format-standard","has-post-thumbnail","hentry","category-geral"],"_links":{"self":[{"href":"https:\/\/www.caririemacao.com\/1\/wp-json\/wp\/v2\/posts\/168660","targetHints":{"allow":["GET"]}}],"collection":[{"href":"https:\/\/www.caririemacao.com\/1\/wp-json\/wp\/v2\/posts"}],"about":[{"href":"https:\/\/www.caririemacao.com\/1\/wp-json\/wp\/v2\/types\/post"}],"author":[{"embeddable":true,"href":"https:\/\/www.caririemacao.com\/1\/wp-json\/wp\/v2\/users\/2"}],"replies":[{"embeddable":true,"href":"https:\/\/www.caririemacao.com\/1\/wp-json\/wp\/v2\/comments?post=168660"}],"version-history":[{"count":1,"href":"https:\/\/www.caririemacao.com\/1\/wp-json\/wp\/v2\/posts\/168660\/revisions"}],"predecessor-version":[{"id":168663,"href":"https:\/\/www.caririemacao.com\/1\/wp-json\/wp\/v2\/posts\/168660\/revisions\/168663"}],"wp:featuredmedia":[{"embeddable":true,"href":"https:\/\/www.caririemacao.com\/1\/wp-json\/wp\/v2\/media\/168662"}],"wp:attachment":[{"href":"https:\/\/www.caririemacao.com\/1\/wp-json\/wp\/v2\/media?parent=168660"}],"wp:term":[{"taxonomy":"category","embeddable":true,"href":"https:\/\/www.caririemacao.com\/1\/wp-json\/wp\/v2\/categories?post=168660"},{"taxonomy":"post_tag","embeddable":true,"href":"https:\/\/www.caririemacao.com\/1\/wp-json\/wp\/v2\/tags?post=168660"}],"curies":[{"name":"wp","href":"https:\/\/api.w.org\/{rel}","templated":true}]}}