{"id":168665,"date":"2020-05-11T07:11:32","date_gmt":"2020-05-11T10:11:32","guid":{"rendered":"https:\/\/www.caririemacao.com\/1\/?p=168665"},"modified":"2020-05-11T07:11:32","modified_gmt":"2020-05-11T10:11:32","slug":"auxilio-emergencial-35-milhoes-ainda-nao-conseguiram-movimentar-o-beneficio","status":"publish","type":"post","link":"https:\/\/www.caririemacao.com\/1\/2020\/05\/11\/auxilio-emergencial-35-milhoes-ainda-nao-conseguiram-movimentar-o-beneficio\/","title":{"rendered":"Aux\u00edlio Emergencial: 3,5 milh\u00f5es ainda n\u00e3o conseguiram movimentar o benef\u00edcio"},"content":{"rendered":"\n<h1 class=\"wp-block-heading\"><\/h1>\n\n\n\n<p>Cerca de 3,5 milh\u00f5es de pessoas ainda n\u00e3o movimentaram os recursos dispon\u00edveis por meio do Aux\u00edlio Emergencial, segundo balan\u00e7o da Caixa Econ\u00f4mica Federal divulgado neste domingo (10).<\/p>\n\n\n\n<p>Desde o dia 9 de abril, quando teve o in\u00edcio o pagamento, R$ 35,5 bilh\u00f5es foram creditados para 50 milh\u00f5es de pessoas. Segundo o banco, 93% dos benefici\u00e1rios j\u00e1 fizeram algum tipo de movimenta\u00e7\u00e3o.<\/p>\n\n\n\n<p>O n\u00famero de transa\u00e7\u00f5es alcan\u00e7ou 20,3 milh\u00f5es. A maior parte delas foi feita em transfer\u00eancias na Caixa (8,2 milh\u00f5es), seguida por transa\u00e7\u00f5es em DOC ou TED (4,1 milh\u00f5es).<\/p>\n\n\n\n<p><strong>Calend\u00e1rio de pagamento<\/strong><\/p>\n\n\n\n<p>S\u00e3o tr\u00eas calend\u00e1rios de pagamento diferentes:<\/p>\n\n\n\n<ul class=\"wp-block-list\"><li>um para quem se inscreveu para receber o Aux\u00edlio Emergencial atrav\u00e9s do aplicativo ou do site do programa;<\/li><li>um segundo para os benefici\u00e1rios que recebem o Bolsa Fam\u00edlia;<\/li><li>e um terceiro para os inscritos no Cadastro \u00danico que n\u00e3o recebem o Bolsa Fam\u00edlia e mulheres chefes de fam\u00edlia.<\/li><li>Para quem for receber via poupan\u00e7a digital da Caixa, os saques em dinheiro come\u00e7aram a ser liberados na segunda.<\/li><\/ul>\n\n\n\n<p><br><strong>VEJA O CALEND\u00c1RIO POR GRUPOS DE BENEFICI\u00c1RIOS<\/strong><\/p>\n\n\n\n<p><strong>1. Inscritos no aplicativo e site<\/strong><\/p>\n\n\n\n<p>A primeira parcela para esses benefici\u00e1rios come\u00e7ou a ser paga em 14 de abril. Os pagamentos s\u00e3o feitos em at\u00e9 cinco dias \u00fateis ap\u00f3s o cadastro. Muitos benefici\u00e1rios, no entanto, reclamam de atraso nos pagamentos e afirmam que esse prazo n\u00e3o vem sendo cumprido.<\/p>\n\n\n\n<p>Para a segunda parcela, a Caixa chegou a anunciar a antecipa\u00e7\u00e3o do pagamento, mas o Minist\u00e9rio da Cidadania informou que o governo n\u00e3o seria poss\u00edvel antecipar. Previstos inicialmente para come\u00e7arem na pr\u00f3xima segunda-feira (27), os pagamentos da segunda parcela do Aux\u00edlio Emergencial ainda n\u00e3o t\u00eam data definida.<\/p>\n\n\n\n<p>A terceira e \u00faltima parcela est\u00e1 programada para maio:<\/p>\n\n\n\n<p>&#8211; 26 de maio para nascidos de janeiro a mar\u00e7o<br>&#8211; 27 de maio para nascidos de abril a junho<br>&#8211; 28 de maio para nascidos de julho a setembro<br>&#8211; 29 de maio para nascidos de outubro a dezembro<\/p>\n\n\n\n<p><strong>2. Benefici\u00e1rios do Bolsa Fam\u00edlia<\/strong><\/p>\n\n\n\n<p>Os benefici\u00e1rios do Bolsa Fam\u00edlia v\u00e3o receber nas mesmas datas e da mesma forma em que recebem esse benef\u00edcio.<\/p>\n\n\n\n<p>A primeira parcela do Aux\u00edlio Emergencial j\u00e1 foi paga \u00e0queles cujo \u00faltimo d\u00edgito do NIS \u00e9 igual a 1, 2, 3, 4 ou 5. Os demais seguem o calend\u00e1rio:<\/p>\n\n\n\n<p>&#8211; Sexta-feira (24): 1.919.453 benefici\u00e1rios cujo \u00faltimo digito do NIS \u00e9 igual a 6<br>&#8211; Segunda-feira (27): 1.921.061 benefici\u00e1rios cujo \u00faltimo digito do NIS \u00e9 igual a 7<br>&#8211; Ter\u00e7a-feira (28): 1.917.991 benefici\u00e1rios cujo \u00faltimo digito do NIS \u00e9 igual a 8<br>&#8211; Quarta-feira (29): 1.920.953 benefici\u00e1rios cujo \u00faltimo digito do NIS \u00e9 igual a 9<br>&#8211; Quinta-feira (30): 1.918.047 benefici\u00e1rios cujo \u00faltimo digito do NIS \u00e9 igual a 0<\/p>\n\n\n\n<p>Segunda parcela: \u00faltimos dez dias \u00fateis de maio<\/p>\n\n\n\n<p>Terceira parcela: \u00faltimos dez dias \u00fateis de junho<\/p>\n\n\n\n<p><strong>3. Inscritos no Cadastro \u00danico que n\u00e3o recebem Bolsa Fam\u00edlia<\/strong><\/p>\n\n\n\n<p>A primeira parcela foi creditada para esses benefici\u00e1rios entre os dias 14 e 17 de abril. Outros 1,2 milh\u00e3o de benefici\u00e1rios cujos cadastros foram validados pelo Dataprev no \u00faltimo domingo ir\u00e3o receber na quarta-feira (22).<\/p>\n\n\n\n<p>Para a segunda parcela, a Caixa chegou a anunciar a antecipa\u00e7\u00e3o do pagamento, mas o Minist\u00e9rio da Cidadania informou que o governo n\u00e3o seria poss\u00edvel antecipar.&nbsp;<\/p>\n\n\n\n<p>Previstos inicialmente para come\u00e7arem na pr\u00f3xima segunda-feira (27), os pagamentos da segunda parcela do Aux\u00edlio Emergencial ainda n\u00e3o t\u00eam data definida.<\/p>\n\n\n\n<p>Terceira e \u00faltima parcela:<\/p>\n\n\n\n<p>&#8211; 26 de maio para nascidos de janeiro a mar\u00e7o<br>&#8211; 27 de maio para nascidos de abril a junho<br>&#8211; 28 de maio para nascidos de julho a setembro<br>&#8211; 29 de maio para nascidos de outubro a dezembro<\/p>\n\n\n\n<p><strong>Conta poupan\u00e7a digital<\/strong><\/p>\n\n\n\n<p>A Caixa est\u00e1 abrindo automaticamente contas de poupan\u00e7a digitais para os benefici\u00e1rios considerados aptos a receber o aux\u00edlio emergencial e que n\u00e3o tenham outra conta banc\u00e1ria nem sejam benefici\u00e1rios do Bolsa Fam\u00edlia.<\/p>\n\n\n\n<p>Os que receberem o cr\u00e9dito por meio da conta digital poder\u00e3o efetuar transfer\u00eancias ilimitadas entre contas da Caixa ou realizar gratuitamente at\u00e9 tr\u00eas transfer\u00eancias para outros bancos a cada m\u00eas, pelos pr\u00f3ximos 90 dias. Al\u00e9m disso, podem pagar boletos e contas de \u00e1gua, luz, telefone, entre outras. A conta \u00e9 isenta de tarifas.<\/p>\n\n\n\n<p>O acesso \u00e0 conta \u00e9 feito pelo aplicativo CAIXA Tem, que pode ser baixado na loja de aplicativos dos smartphones neste link.<\/p>\n\n\n\n<p>Para evitar aglomera\u00e7\u00f5es nas ag\u00eancias, a Caixa estabeleceu um calend\u00e1rio para os benefici\u00e1rios que quiserem sacar em dinheiro o valor depositado nas poupan\u00e7as digitais abertas para os trabalhadores:<\/p>\n\n\n\n<p>27 de abril \u2013 nascidos em janeiro e fevereiro<br>28 de abril \u2013 nascidos em mar\u00e7o e abril<br>29 de abril \u2013 nascidos em maio e junho<br>30 de abril \u2013 nascidos julho e agosto<br>4 de maio \u2013 nascidos em setembro e outubro<br>5 de maio \u2013 nascidos em novembro e dezembro<br><\/p>\n\n\n\n<p><strong>Quem tem direito<\/strong><\/p>\n\n\n\n<p>Durante tr\u00eas meses, ser\u00e1 concedido aux\u00edlio emergencial de R$ 600 ao trabalhador que cumpra todos estes requisitos:<\/p>\n\n\n\n<p>ser maior de 18 anos de idade com CPF regularizado;<br>n\u00e3o ter emprego formal;<br>n\u00e3o ser titular de benef\u00edcio previdenci\u00e1rio ou assistencial, benefici\u00e1rio do seguro-desemprego ou de programa de transfer\u00eancia de renda federal, \u00e0 exce\u00e7\u00e3o do Bolsa Fam\u00edlia;<br>ter renda familiar mensal por pessoa de at\u00e9 meio sal\u00e1rio m\u00ednimo (R$ 522,50) ou renda familiar mensal total de at\u00e9 tr\u00eas sal\u00e1rios m\u00ednimos (R$ 3.135);<br>que, no ano de 2018, n\u00e3o tiver recebido rendimentos tribut\u00e1veis acima de R$ 28.559,70 em 2018.<\/p>\n\n\n\n<p>O aux\u00edlio ser\u00e1 cortado caso seja constatado o descumprimento desses requisitos. O trabalhador deve exercer atividade na condi\u00e7\u00e3o de:<\/p>\n\n\n\n<p>microempreendedor individual (MEI);<br>contribuinte individual do Regime Geral de Previd\u00eancia Social que trabalhe por conta pr\u00f3pria;<br>trabalhador informal empregado, aut\u00f4nomo ou desempregado<br>intermitente inativo<br>estar inscrito no Cadastro \u00danico para Programas Sociais do Governo Federal (Cad\u00danico), at\u00e9 20 de mar\u00e7o de 2020<br>ou que se encaixe nos crit\u00e9rios de renda familiar mensal mencionados acima, desde que fa\u00e7a uma autodeclara\u00e7\u00e3o pelo site do governo.<br>A mulher que for m\u00e3e e chefe de fam\u00edlia e estiver dentro dos demais crit\u00e9rios poder\u00e1 receber R$ 1,2 mil (duas cotas) por m\u00eas.<\/p>\n\n\n\n<p>Na renda familiar, ser\u00e3o considerados todos os rendimentos obtidos por todos os membros que moram na mesma resid\u00eancia, exceto o dinheiro do Bolsa Fam\u00edlia.<\/p>\n\n\n\n<p>Quem recebe outro benef\u00edcio que n\u00e3o seja o Bolsa Fam\u00edlia (como seguro-desemprego e aposentadoria) n\u00e3o ter\u00e1 direito ao aux\u00edlio emergencial.<\/p>\n\n\n\n<p><strong>Como pedir o aux\u00edlio<\/strong><\/p>\n\n\n\n<p>Os trabalhadores podem pedir das seguintes formas:<\/p>\n\n\n\n<p>Clique aqui para fazer a inscri\u00e7\u00e3o pelo site:<br><a href=\"https:\/\/auxilio.caixa.gov.br\/#\/inicio\">https:\/\/auxilio.caixa.gov.br\/#&#8230;<\/a><br>Clique aqui para baixar o aplicativo para celulares Android:<br><a href=\"https:\/\/play.google.com\/store\/apps\/details?id=br.gov.caixa.auxilio\">https:\/\/play.google.com\/store\/&#8230;<\/a><br>Clique aqui para baixar o aplicativo para iOS (celulares Apple):<br><a href=\"https:\/\/apps.apple.com\/br\/app\/caixa-aux%C3%ADlio-emergencial\/id1506494331\">https:\/\/apps.apple.com\/br\/app\/&#8230;<\/a><\/p>\n\n\n\n<p>O aplicativo e o site devem ser usados pelos trabalhadores que forem Microempreendedores Individuais (MEIs), trabalhadores informais sem registro e contribuintes individuais do INSS.<\/p>\n\n\n\n<p>Aqueles que j\u00e1 recebem o Bolsa Fam\u00edlia ou que est\u00e3o inscritos no Cadastro \u00danico (Cad\u00danico) n\u00e3o precisam se inscrever pelo aplicativo ou site. O pagamento ser\u00e1 feito automaticamente. (Clique aqui para ver como saber se voc\u00ea est\u00e1 no Cadastro \u00danico).<\/p>\n\n\n\n<p>A Caixa tamb\u00e9m disponibilizou o telefone 111 para tirar d\u00favidas dos trabalhadores sobre o aux\u00edlio emergencial. N\u00e3o ser\u00e1 poss\u00edvel se inscrever pelo telefone, apenas tirar d\u00favidas.<\/p>\n","protected":false},"excerpt":{"rendered":"<p>Cerca de 3,5 milh\u00f5es de pessoas ainda n\u00e3o movimentaram os recursos dispon\u00edveis por meio do Aux\u00edlio Emergencial, segundo balan\u00e7o da Caixa Econ\u00f4mica Federal divulgado neste&hellip; <\/p>\n","protected":false},"author":2,"featured_media":168666,"comment_status":"closed","ping_status":"closed","sticky":false,"template":"","format":"standard","meta":{"sfsi_plus_gutenberg_text_before_share":"","sfsi_plus_gutenberg_show_text_before_share":"","sfsi_plus_gutenberg_icon_type":"","sfsi_plus_gutenberg_icon_alignemt":"","sfsi_plus_gutenburg_max_per_row":"","footnotes":""},"categories":[50,2],"tags":[],"class_list":["post-168665","post","type-post","status-publish","format-standard","has-post-thumbnail","hentry","category-destaque","category-geral"],"_links":{"self":[{"href":"https:\/\/www.caririemacao.com\/1\/wp-json\/wp\/v2\/posts\/168665","targetHints":{"allow":["GET"]}}],"collection":[{"href":"https:\/\/www.caririemacao.com\/1\/wp-json\/wp\/v2\/posts"}],"about":[{"href":"https:\/\/www.caririemacao.com\/1\/wp-json\/wp\/v2\/types\/post"}],"author":[{"embeddable":true,"href":"https:\/\/www.caririemacao.com\/1\/wp-json\/wp\/v2\/users\/2"}],"replies":[{"embeddable":true,"href":"https:\/\/www.caririemacao.com\/1\/wp-json\/wp\/v2\/comments?post=168665"}],"version-history":[{"count":1,"href":"https:\/\/www.caririemacao.com\/1\/wp-json\/wp\/v2\/posts\/168665\/revisions"}],"predecessor-version":[{"id":168667,"href":"https:\/\/www.caririemacao.com\/1\/wp-json\/wp\/v2\/posts\/168665\/revisions\/168667"}],"wp:featuredmedia":[{"embeddable":true,"href":"https:\/\/www.caririemacao.com\/1\/wp-json\/wp\/v2\/media\/168666"}],"wp:attachment":[{"href":"https:\/\/www.caririemacao.com\/1\/wp-json\/wp\/v2\/media?parent=168665"}],"wp:term":[{"taxonomy":"category","embeddable":true,"href":"https:\/\/www.caririemacao.com\/1\/wp-json\/wp\/v2\/categories?post=168665"},{"taxonomy":"post_tag","embeddable":true,"href":"https:\/\/www.caririemacao.com\/1\/wp-json\/wp\/v2\/tags?post=168665"}],"curies":[{"name":"wp","href":"https:\/\/api.w.org\/{rel}","templated":true}]}}