{"id":168670,"date":"2020-05-11T07:17:10","date_gmt":"2020-05-11T10:17:10","guid":{"rendered":"https:\/\/www.caririemacao.com\/1\/?p=168670"},"modified":"2020-05-11T07:17:10","modified_gmt":"2020-05-11T10:17:10","slug":"mais-11-detentos-testam-positivo-para-coronavirus-no-presidio-de-patos","status":"publish","type":"post","link":"https:\/\/www.caririemacao.com\/1\/2020\/05\/11\/mais-11-detentos-testam-positivo-para-coronavirus-no-presidio-de-patos\/","title":{"rendered":"Mais 11 detentos testam positivo para Coronav\u00edrus no pres\u00eddio de Patos"},"content":{"rendered":"\n<h1 class=\"wp-block-heading\"><\/h1>\n\n\n\n<p>Mais 11&nbsp;detentos testaram positivo no Pres\u00eddio Romero N\u00f3brega, em Patos, na Para\u00edba. A informa\u00e7\u00e3o foi confirmada pelo secret\u00e1rio de sa\u00fade, Geraldo Medeiros ao Portal ClickPB.<\/p>\n\n\n\n<p>Os testes r\u00e1pidos foram realizados na manh\u00e3 deste domingo (10), pela Vigil\u00e2ncia Epidemiol\u00f3gica.&nbsp;<\/p>\n\n\n\n<p>Segundo o diretor do pres\u00eddio, Gilberto Rio, o local tem 308 detentos. Deles, 25 estavam apresentando sintomas e foram isolados dentro da penitenci\u00e1ria antes de passar pelos testes.&nbsp;<\/p>\n\n\n\n<p>No dia 25 de abril,&nbsp;<a href=\"https:\/\/www.clickpb.com.br\/saude\/dois-apenados-e-um-agente-de-presidio-de-patos-testam-positivo-para-covid-19-282831.html\">dois detentos testaram positivo<\/a>&nbsp;para o v\u00edrus. No \u00faltimo dia 06,&nbsp;<a href=\"https:\/\/www.clickpb.com.br\/paraiba\/apenado-de-presidio-em-patos-testa-positivo-para-coronavirus-283428.html\">mais um detento tamb\u00e9m postou positivo<\/a>.&nbsp;<\/p>\n\n\n\n<p>Os detentos positivados ser\u00e3o transferidos para unidades prisionais em Jo\u00e3o Pessoa, conforme as recomenda\u00e7\u00f5es do Minist\u00e9rio da Sa\u00fade.&nbsp;<\/p>\n\n\n\n<p>Uma triagem dever\u00e1 ser realizada para dar prioridade aos pacientes que est\u00e3o com estado de sa\u00fade mais cr\u00edtico.<\/p>\n","protected":false},"excerpt":{"rendered":"<p>Mais 11&nbsp;detentos testaram positivo no Pres\u00eddio Romero N\u00f3brega, em Patos, na Para\u00edba. A informa\u00e7\u00e3o foi confirmada pelo secret\u00e1rio de sa\u00fade, Geraldo Medeiros ao Portal ClickPB.&hellip; <\/p>\n","protected":false},"author":2,"featured_media":168671,"comment_status":"closed","ping_status":"closed","sticky":false,"template":"","format":"standard","meta":{"sfsi_plus_gutenberg_text_before_share":"","sfsi_plus_gutenberg_show_text_before_share":"","sfsi_plus_gutenberg_icon_type":"","sfsi_plus_gutenberg_icon_alignemt":"","sfsi_plus_gutenburg_max_per_row":"","footnotes":""},"categories":[2],"tags":[],"class_list":["post-168670","post","type-post","status-publish","format-standard","has-post-thumbnail","hentry","category-geral"],"_links":{"self":[{"href":"https:\/\/www.caririemacao.com\/1\/wp-json\/wp\/v2\/posts\/168670","targetHints":{"allow":["GET"]}}],"collection":[{"href":"https:\/\/www.caririemacao.com\/1\/wp-json\/wp\/v2\/posts"}],"about":[{"href":"https:\/\/www.caririemacao.com\/1\/wp-json\/wp\/v2\/types\/post"}],"author":[{"embeddable":true,"href":"https:\/\/www.caririemacao.com\/1\/wp-json\/wp\/v2\/users\/2"}],"replies":[{"embeddable":true,"href":"https:\/\/www.caririemacao.com\/1\/wp-json\/wp\/v2\/comments?post=168670"}],"version-history":[{"count":1,"href":"https:\/\/www.caririemacao.com\/1\/wp-json\/wp\/v2\/posts\/168670\/revisions"}],"predecessor-version":[{"id":168672,"href":"https:\/\/www.caririemacao.com\/1\/wp-json\/wp\/v2\/posts\/168670\/revisions\/168672"}],"wp:featuredmedia":[{"embeddable":true,"href":"https:\/\/www.caririemacao.com\/1\/wp-json\/wp\/v2\/media\/168671"}],"wp:attachment":[{"href":"https:\/\/www.caririemacao.com\/1\/wp-json\/wp\/v2\/media?parent=168670"}],"wp:term":[{"taxonomy":"category","embeddable":true,"href":"https:\/\/www.caririemacao.com\/1\/wp-json\/wp\/v2\/categories?post=168670"},{"taxonomy":"post_tag","embeddable":true,"href":"https:\/\/www.caririemacao.com\/1\/wp-json\/wp\/v2\/tags?post=168670"}],"curies":[{"name":"wp","href":"https:\/\/api.w.org\/{rel}","templated":true}]}}