{"id":168678,"date":"2020-05-11T07:29:42","date_gmt":"2020-05-11T10:29:42","guid":{"rendered":"https:\/\/www.caririemacao.com\/1\/?p=168678"},"modified":"2020-05-11T08:58:48","modified_gmt":"2020-05-11T11:58:48","slug":"brasil-registra-107-mil-obitos-e-mais-de-156-mil-casos-de-coronavirus-no-brasil","status":"publish","type":"post","link":"https:\/\/www.caririemacao.com\/1\/2020\/05\/11\/brasil-registra-107-mil-obitos-e-mais-de-156-mil-casos-de-coronavirus-no-brasil\/","title":{"rendered":"Brasil registra 10,7 mil \u00f3bitos e mais de 156 mil casos de Covid-19"},"content":{"rendered":"\n<h1 class=\"wp-block-heading\"><\/h1>\n\n\n\n<p>Veja os dados sobre o coronav\u00edrus no Brasil neste domingo (10), segundo levantamento exclusivo do G1 junto \u00e0s secretarias estaduais de sa\u00fade. Foram registradas 10.743 mortes provocadas pela Covid-19 e 156.970 casos confirmados da doen\u00e7a em todo o pa\u00eds.<\/p>\n\n\n\n<p>O balan\u00e7o do Minist\u00e9rio da Sa\u00fade divulgado neste s\u00e1bado (9) informa 10.627 mortos e 155.939 casos.<\/p>\n\n\n\n<p>Das 20 cidades com maior mortalidade e incid\u00eancia de casos, 18 se concentram no Norte e Nordeste.&nbsp;<\/p>\n\n\n\n<p><strong>Taxa de ocupa\u00e7\u00e3o de leitos de UTI<\/strong><\/p>\n\n\n\n<p>Acre \u2013 23,3% em todo o estado em 28\/4<br>Alagoas \u2013 43% em todo o estado da rede p\u00fablica e contratualizados em 3\/5<br>Amazonas \u2013 90% em todo o estado em 5\/5<br>Bahia \u2013 52% em todo o estado em 5\/5<br>Cear\u00e1 \u2013 90% em todo o estado em 2\/5<br>Esp\u00edrito Santo &#8211; 62,93% em todo o estado em 6\/5<br>Maranh\u00e3o \u2013 92,25% na capital na capital em 7\/5<br>Mato Grosso \u2013 9,6% dos leitos de UTI da rede p\u00fablica em todo o estado em 6\/5<br>Mato Grosso do Sul \u2013 2,6% em todo o estado em 27\/4<br>Minas Gerais \u2013 59% em todo o estado em 5\/5<br>Par\u00e1 \u2013 87,19% em todo o estado em 7\/5<br>Para\u00edba \u2013 51% em todo o estado em 6\/5<br>Paran\u00e1 \u2013 29,50% em todo o estado em 7\/5<br>Piau\u00ed &#8211; 41,80% em todo o estado em 7\/5<br>Pernambuco \u201352,20% em todo o estado em 7\/5<br>Rio de Janeiro \u2013 98% em todo o estado em 4\/5<br>Rio Grande do Norte \u2013 33% em todo o estado em 22\/4<br>Rio Grande do Sul \u2013 71,70% em todo o estado em 7\/5<br>Rond\u00f4nia \u2013 29,6% em todo o estado em 29\/4<br>Santa Catarina \u2013 17,03% do sistema p\u00fablico em todo o estado em 6\/5<br>S\u00e3o Paulo \u2013 66,90% em todo o estado em 7\/5<br>Sergipe \u2013 34,8% do sistema p\u00fablico em todo o estado em 6\/5<br>Tocantins \u2013 35% dos leitos ocupados em 8\/5<\/p>\n\n\n\n<p>Amap\u00e1, Distrito Federal, Goi\u00e1s e Roraima n\u00e3o divulgaram a taxa de ocupa\u00e7\u00e3o.<\/p>\n","protected":false},"excerpt":{"rendered":"<p>Veja os dados sobre o coronav\u00edrus no Brasil neste domingo (10), segundo levantamento exclusivo do G1 junto \u00e0s secretarias estaduais de sa\u00fade. Foram registradas 10.743&hellip; <\/p>\n","protected":false},"author":2,"featured_media":168679,"comment_status":"closed","ping_status":"closed","sticky":false,"template":"","format":"standard","meta":{"sfsi_plus_gutenberg_text_before_share":"","sfsi_plus_gutenberg_show_text_before_share":"","sfsi_plus_gutenberg_icon_type":"","sfsi_plus_gutenberg_icon_alignemt":"","sfsi_plus_gutenburg_max_per_row":"","footnotes":""},"categories":[2],"tags":[],"class_list":["post-168678","post","type-post","status-publish","format-standard","has-post-thumbnail","hentry","category-geral"],"_links":{"self":[{"href":"https:\/\/www.caririemacao.com\/1\/wp-json\/wp\/v2\/posts\/168678","targetHints":{"allow":["GET"]}}],"collection":[{"href":"https:\/\/www.caririemacao.com\/1\/wp-json\/wp\/v2\/posts"}],"about":[{"href":"https:\/\/www.caririemacao.com\/1\/wp-json\/wp\/v2\/types\/post"}],"author":[{"embeddable":true,"href":"https:\/\/www.caririemacao.com\/1\/wp-json\/wp\/v2\/users\/2"}],"replies":[{"embeddable":true,"href":"https:\/\/www.caririemacao.com\/1\/wp-json\/wp\/v2\/comments?post=168678"}],"version-history":[{"count":2,"href":"https:\/\/www.caririemacao.com\/1\/wp-json\/wp\/v2\/posts\/168678\/revisions"}],"predecessor-version":[{"id":168769,"href":"https:\/\/www.caririemacao.com\/1\/wp-json\/wp\/v2\/posts\/168678\/revisions\/168769"}],"wp:featuredmedia":[{"embeddable":true,"href":"https:\/\/www.caririemacao.com\/1\/wp-json\/wp\/v2\/media\/168679"}],"wp:attachment":[{"href":"https:\/\/www.caririemacao.com\/1\/wp-json\/wp\/v2\/media?parent=168678"}],"wp:term":[{"taxonomy":"category","embeddable":true,"href":"https:\/\/www.caririemacao.com\/1\/wp-json\/wp\/v2\/categories?post=168678"},{"taxonomy":"post_tag","embeddable":true,"href":"https:\/\/www.caririemacao.com\/1\/wp-json\/wp\/v2\/tags?post=168678"}],"curies":[{"name":"wp","href":"https:\/\/api.w.org\/{rel}","templated":true}]}}