{"id":168686,"date":"2020-05-11T07:41:40","date_gmt":"2020-05-11T10:41:40","guid":{"rendered":"https:\/\/www.caririemacao.com\/1\/?p=168686"},"modified":"2020-05-11T07:41:40","modified_gmt":"2020-05-11T10:41:40","slug":"caraubas-semas-distribui-mascaras-para-todos-os-idosos-do-scfv","status":"publish","type":"post","link":"https:\/\/www.caririemacao.com\/1\/2020\/05\/11\/caraubas-semas-distribui-mascaras-para-todos-os-idosos-do-scfv\/","title":{"rendered":"Cara\u00fabas: SEMAS distribui m\u00e1scaras para todos os idosos do SCFV"},"content":{"rendered":"\n<p>Em \u00e9poca de isolamento social por ocasi\u00e3o da Pandemia do coronavirus \u00e0s pessoas idosas e que desenvolvem algum tipo de atividade junto ao Servi\u00e7o de Conviv\u00eancia e Fortalecimento de V\u00ednculos \u2013 SCFV, sofrem mais ainda com a aus\u00eancia f\u00edsica das reuni\u00f5es e encontros presenciais.<\/p>\n\n\n\n<p><br>Foi pensando no bem estar coletivo dessas pessoas que a Secretaria da Assist\u00eancia Social \u2013 SEMAS do munic\u00edpio de Cara\u00fabas v\u00eam realizando atividades mesmo a dist\u00e2ncia. Na \u00faltima segunda-feira, dia 4\/5, os t\u00e9cnicos do CRAS e da SEMAS realizaram visita domiciliar aos idosos cadastrados no SCFV e fizeram a doa\u00e7\u00e3o de mascaras de prote\u00e7\u00e3o, repassaram orienta\u00e7\u00e3o quanto aos cuidados de preven\u00e7\u00e3o que cada um precisa tomar e distribu\u00edram tarefas a serem realizadas em casa.<\/p>\n\n\n\n<figure class=\"wp-block-image size-large\"><img fetchpriority=\"high\" decoding=\"async\" width=\"577\" height=\"577\" src=\"https:\/\/www.caririemacao.com\/1\/wp-content\/uploads\/2020\/05\/FB_IMG_1589193619300.jpg\" alt=\"\" class=\"wp-image-168688\" srcset=\"https:\/\/www.caririemacao.com\/1\/wp-content\/uploads\/2020\/05\/FB_IMG_1589193619300.jpg 577w, https:\/\/www.caririemacao.com\/1\/wp-content\/uploads\/2020\/05\/FB_IMG_1589193619300-300x300.jpg 300w, https:\/\/www.caririemacao.com\/1\/wp-content\/uploads\/2020\/05\/FB_IMG_1589193619300-150x150.jpg 150w\" sizes=\"(max-width: 577px) 100vw, 577px\" \/><\/figure>\n\n\n\n<p><br>De acordo com a secret\u00e1ria, Fl\u00e1via Quirino, esse \u00e9 um momento importante para n\u00f3s que fazemos a Assist\u00eancia Social do munic\u00edpio, pois, precisamos d\u00e1 o apoio necess\u00e1rio para que os idosos continuem desenvolvendo uma atividade mesmo que essa seja em casa. E o mais importante protege-las desse v\u00edrus com as medidas de preven\u00e7\u00e3o necess\u00e1rias, afirmou ela.<\/p>\n\n\n\n<p><br>A preven\u00e7\u00e3o para quem \u00e9 do grupo de risco ainda continua sendo o melhor rem\u00e9dio. O isolamento social \u00e9 important\u00edssimo, pois, evitar\u00e1 a prolifera\u00e7\u00e3o e dissemina\u00e7\u00e3o do v\u00edrus, bem como, contribuir\u00e1 para o nosso sistema de sa\u00fade p\u00fablica. Sabemos que algumas pessoas de mais idade s\u00e3o um pouco mais dif\u00edceis de entender essa situa\u00e7\u00e3o nova que estamos vivenciando, por isso precisamos est\u00e1 sempre monitorando cada uma delas, disse Fl\u00e1via.<br>J\u00e1 realizamos algumas a\u00e7\u00f5es importantes para as fam\u00edlias cadastradas no Programa Bolsa Fam\u00edlia como a distribui\u00e7\u00e3o de pescado na semana santa, realizamos a entrega de 150(cento e cinquenta) cestas b\u00e1sicas para as fam\u00edlias em situa\u00e7\u00e3o de vulnerabilidade social e pretendemos continuar com esse trabalho, mesmo o munic\u00edpio n\u00e3o apresentando nenhum caso suspeito ou confirmado at\u00e9 o presente momento, concluiu a secret\u00e1ria.<\/p>\n\n\n\n<p>Fonte: SEPLACOM<br>Foto: MIGUEL FILHO<\/p>\n","protected":false},"excerpt":{"rendered":"<p>Em \u00e9poca de isolamento social por ocasi\u00e3o da Pandemia do coronavirus \u00e0s pessoas idosas e que desenvolvem algum tipo de atividade junto ao Servi\u00e7o de&hellip; <\/p>\n","protected":false},"author":1,"featured_media":168687,"comment_status":"closed","ping_status":"closed","sticky":false,"template":"","format":"standard","meta":{"sfsi_plus_gutenberg_text_before_share":"","sfsi_plus_gutenberg_show_text_before_share":"","sfsi_plus_gutenberg_icon_type":"","sfsi_plus_gutenberg_icon_alignemt":"","sfsi_plus_gutenburg_max_per_row":"","footnotes":""},"categories":[6,50],"tags":[],"class_list":["post-168686","post","type-post","status-publish","format-standard","has-post-thumbnail","hentry","category-cidades","category-destaque"],"_links":{"self":[{"href":"https:\/\/www.caririemacao.com\/1\/wp-json\/wp\/v2\/posts\/168686","targetHints":{"allow":["GET"]}}],"collection":[{"href":"https:\/\/www.caririemacao.com\/1\/wp-json\/wp\/v2\/posts"}],"about":[{"href":"https:\/\/www.caririemacao.com\/1\/wp-json\/wp\/v2\/types\/post"}],"author":[{"embeddable":true,"href":"https:\/\/www.caririemacao.com\/1\/wp-json\/wp\/v2\/users\/1"}],"replies":[{"embeddable":true,"href":"https:\/\/www.caririemacao.com\/1\/wp-json\/wp\/v2\/comments?post=168686"}],"version-history":[{"count":1,"href":"https:\/\/www.caririemacao.com\/1\/wp-json\/wp\/v2\/posts\/168686\/revisions"}],"predecessor-version":[{"id":168689,"href":"https:\/\/www.caririemacao.com\/1\/wp-json\/wp\/v2\/posts\/168686\/revisions\/168689"}],"wp:featuredmedia":[{"embeddable":true,"href":"https:\/\/www.caririemacao.com\/1\/wp-json\/wp\/v2\/media\/168687"}],"wp:attachment":[{"href":"https:\/\/www.caririemacao.com\/1\/wp-json\/wp\/v2\/media?parent=168686"}],"wp:term":[{"taxonomy":"category","embeddable":true,"href":"https:\/\/www.caririemacao.com\/1\/wp-json\/wp\/v2\/categories?post=168686"},{"taxonomy":"post_tag","embeddable":true,"href":"https:\/\/www.caririemacao.com\/1\/wp-json\/wp\/v2\/tags?post=168686"}],"curies":[{"name":"wp","href":"https:\/\/api.w.org\/{rel}","templated":true}]}}