{"id":168690,"date":"2020-05-11T07:47:04","date_gmt":"2020-05-11T10:47:04","guid":{"rendered":"https:\/\/www.caririemacao.com\/1\/?p=168690"},"modified":"2020-05-11T07:47:04","modified_gmt":"2020-05-11T10:47:04","slug":"covid-19-secretaria-da-saude-de-caraubas-adquire-bombas-para-desinfeccao-de-locais-publicos","status":"publish","type":"post","link":"https:\/\/www.caririemacao.com\/1\/2020\/05\/11\/covid-19-secretaria-da-saude-de-caraubas-adquire-bombas-para-desinfeccao-de-locais-publicos\/","title":{"rendered":"Covid-19: Secretaria da Sa\u00fade de Cara\u00fabas adquire bombas para desinfec\u00e7\u00e3o de locais p\u00fablicos"},"content":{"rendered":"\n<p>A Prefeitura Municipal de Cara\u00fabas atrav\u00e9s da Secretaria da Sa\u00fade adquiriu durante esta semana 05(cinco) bombas motorizadas que dever\u00e3o ser utilizadas na desinfec\u00e7\u00e3o di\u00e1ria dos principais pontos de circula\u00e7\u00e3o de pessoas no munic\u00edpio, a exemplo, da feira livre, estabelecimentos comerciais, lot\u00e9ricas e \u00f3rg\u00e3os p\u00fablicos como as unidades da sa\u00fade.<\/p>\n\n\n\n<figure class=\"wp-block-image size-large\"><img fetchpriority=\"high\" decoding=\"async\" width=\"720\" height=\"539\" src=\"https:\/\/www.caririemacao.com\/1\/wp-content\/uploads\/2020\/05\/FB_IMG_1589193999658.jpg\" alt=\"\" class=\"wp-image-168697\" srcset=\"https:\/\/www.caririemacao.com\/1\/wp-content\/uploads\/2020\/05\/FB_IMG_1589193999658.jpg 720w, https:\/\/www.caririemacao.com\/1\/wp-content\/uploads\/2020\/05\/FB_IMG_1589193999658-300x225.jpg 300w\" sizes=\"(max-width: 720px) 100vw, 720px\" \/><\/figure>\n\n\n\n<p><br>Segundo o secret\u00e1rio da sa\u00fade, Leonardo En\u00e9as foram gastos aproximadamente R$ 5.500,00(Cinco Mil e Quinhentos Reais) com a compra desses equipamentos que ajudar\u00e3o no trabalho de preven\u00e7\u00e3o ao coronavirus. O Departamento de Vigil\u00e2ncia Epidemiol\u00f3gica j\u00e1 esta elaborando o cronograma dos locais que ser\u00e3o desinfectados a partir desta semana, afirmou ele.<\/p>\n\n\n\n<p><br>Quero mais uma vez deixar claro que o munic\u00edpio de Cara\u00fabas vem sendo monitorado semanalmente pelos nossos t\u00e9cnicos e profissionais. Gra\u00e7as \u00e0 Deus e diferente dos mun\u00edcipios vizinhos ainda n\u00e3o temos nenhum caso suspeito e nem t\u00e3o pouco confirmados de COVID-19, mas estamos adotando medidas necess\u00e1rias para que possamos continuar com esse quadro, mas que n\u00e3o est\u00e1 sendo f\u00e1cil, disse Leonardo.<\/p>\n\n\n\n<p><br>Precisamos contar com a compreens\u00e3o da popula\u00e7\u00e3o em geral para mantermos o isolamento social, se puder fiquem em casa, pois o risco de cont\u00e1gio diminui consideravelmente e voc\u00ea estar\u00e1 protegido e protegendo sua fam\u00edlia. Estaremos contratando mais pessoas para ajudar nessa guerra e temos contado com o apoio das autoridades de sa\u00fade e de seguran\u00e7a para continuar evitando aglomera\u00e7\u00f5es de pessoas.<br>Na \u00faltima semana estivemos pessoalmente com o pessoal da Vigil\u00e2ncia Epidemiol\u00f3gica e Sanit\u00e1ria visitando alguns estabelecimentos comerciais que estavam sescumprindo as normas estabelecidas pelo Estado e pelo munic\u00edpio. Em alguns deles n\u00e3o fomos bem recebidos e em outros debocharam das nossas a\u00e7\u00f5es. Precisamos e acionamos a for\u00e7a da Pol\u00edcia Militar para que alguns desses estabelecimentos fossem fechados. Infelizmente, algumas pessoas ainda n\u00e3o est\u00e3o conscientes do quadro que o mundo est\u00e1 vivendo, conclui Leonardo Eneas Almeida da sa\u00fade.<\/p>\n\n\n\n<p>Fonte: SEPLACOM<br>Foto: MIGUEL FILHO<\/p>\n","protected":false},"excerpt":{"rendered":"<p>A Prefeitura Municipal de Cara\u00fabas atrav\u00e9s da Secretaria da Sa\u00fade adquiriu durante esta semana 05(cinco) bombas motorizadas que dever\u00e3o ser utilizadas na desinfec\u00e7\u00e3o di\u00e1ria dos&hellip; <\/p>\n","protected":false},"author":1,"featured_media":168696,"comment_status":"closed","ping_status":"closed","sticky":false,"template":"","format":"standard","meta":{"sfsi_plus_gutenberg_text_before_share":"","sfsi_plus_gutenberg_show_text_before_share":"","sfsi_plus_gutenberg_icon_type":"","sfsi_plus_gutenberg_icon_alignemt":"","sfsi_plus_gutenburg_max_per_row":"","footnotes":""},"categories":[6,50],"tags":[],"class_list":["post-168690","post","type-post","status-publish","format-standard","has-post-thumbnail","hentry","category-cidades","category-destaque"],"_links":{"self":[{"href":"https:\/\/www.caririemacao.com\/1\/wp-json\/wp\/v2\/posts\/168690","targetHints":{"allow":["GET"]}}],"collection":[{"href":"https:\/\/www.caririemacao.com\/1\/wp-json\/wp\/v2\/posts"}],"about":[{"href":"https:\/\/www.caririemacao.com\/1\/wp-json\/wp\/v2\/types\/post"}],"author":[{"embeddable":true,"href":"https:\/\/www.caririemacao.com\/1\/wp-json\/wp\/v2\/users\/1"}],"replies":[{"embeddable":true,"href":"https:\/\/www.caririemacao.com\/1\/wp-json\/wp\/v2\/comments?post=168690"}],"version-history":[{"count":1,"href":"https:\/\/www.caririemacao.com\/1\/wp-json\/wp\/v2\/posts\/168690\/revisions"}],"predecessor-version":[{"id":168698,"href":"https:\/\/www.caririemacao.com\/1\/wp-json\/wp\/v2\/posts\/168690\/revisions\/168698"}],"wp:featuredmedia":[{"embeddable":true,"href":"https:\/\/www.caririemacao.com\/1\/wp-json\/wp\/v2\/media\/168696"}],"wp:attachment":[{"href":"https:\/\/www.caririemacao.com\/1\/wp-json\/wp\/v2\/media?parent=168690"}],"wp:term":[{"taxonomy":"category","embeddable":true,"href":"https:\/\/www.caririemacao.com\/1\/wp-json\/wp\/v2\/categories?post=168690"},{"taxonomy":"post_tag","embeddable":true,"href":"https:\/\/www.caririemacao.com\/1\/wp-json\/wp\/v2\/tags?post=168690"}],"curies":[{"name":"wp","href":"https:\/\/api.w.org\/{rel}","templated":true}]}}