{"id":168699,"date":"2020-05-11T08:03:34","date_gmt":"2020-05-11T11:03:34","guid":{"rendered":"https:\/\/www.caririemacao.com\/1\/?p=168699"},"modified":"2020-05-11T08:03:34","modified_gmt":"2020-05-11T11:03:34","slug":"caraubas-secretaria-da-saude-contrata-tecnicos-do-municipio-para-atuarem-em-barreiras-sanitarias-em-combate-a-covid-19","status":"publish","type":"post","link":"https:\/\/www.caririemacao.com\/1\/2020\/05\/11\/caraubas-secretaria-da-saude-contrata-tecnicos-do-municipio-para-atuarem-em-barreiras-sanitarias-em-combate-a-covid-19\/","title":{"rendered":"Cara\u00fabas: Secretaria da Sa\u00fade contrata t\u00e9cnicos do munic\u00edpio para atuarem em barreiras sanit\u00e1rias em combate a Covid-19"},"content":{"rendered":"\n<p>Foi realizada na \u00faltima sexta-feira, dia 8\/5, uma importante reuni\u00e3o com cerca de 20(vinte) pessoas que foram contratadas emergencialmente pelo munic\u00edpio para trabalharem nas barreiras sanit\u00e1rias que ser\u00e3o montadas a partir desta semana nos principais pontos de entrada e sa\u00edda do munic\u00edpio de Cara\u00fabas.<\/p>\n\n\n\n<p><br>O prefeito Silvano Dudu autorizou a secretaria da sa\u00fade a comprar todos os equipamentos e montagem da estrutura necess\u00e1ria para que os novos t\u00e9cnicos contratados pelo munic\u00edpio possam desenvolver suas atividades. De acordo com o secret\u00e1rio da sa\u00fade, Leonardo En\u00e9as, ser\u00e3o instalados 03(tr\u00eas) pontos na cidade de Cara\u00fabas e 02(dois) pontos no Distrito de Barreiras.<\/p>\n\n\n\n<p><br>Esses pontos ser\u00e3o instaladas as barreiras sanit\u00e1rias onde haver\u00e1 uma fiscaliza\u00e7\u00e3o mais rigorosa de quem entra, de quem ir\u00e1 permanecer na cidade e de quem est\u00e1 apenas de passagem. Vamos realizar a distribui\u00e7\u00e3o de mascaras, testagem da temperatura dos ocupantes do ve\u00edculo, sua identifica\u00e7\u00e3o, repassaremos as orienta\u00e7\u00f5es necess\u00e1rias, bem como, utilizaremos as bombas para desinfec\u00e7\u00e3o de partes do ve\u00edculo, afirmou o secret\u00e1rio Leonardo.<br>Cada t\u00e9cnico tamb\u00e9m receber\u00e1 os EPIs necess\u00e1rios, bem como, capacita\u00e7\u00e3o que dever\u00e1 ser realizada nesta segunda-feira, dia 11 de Maio pelos profissionais da secretaria da sa\u00fade e do Estrat\u00e9gia da Sa\u00fade.<\/p>\n\n\n\n<p><br>Segundo Leonardo Eneas as a\u00e7\u00f5es n\u00e3o ir\u00e3o parar por aqui. J\u00e1 estamos providenciando a aquisi\u00e7\u00e3o de lavat\u00f3rios moveis que dever\u00e3o ser instalados tamb\u00e9m ao longo dessa semana de trabalho. Nossa preocupa\u00e7\u00e3o \u00e9 ampliar esse n\u00edvel atual de isolamento para que possamos ap\u00f3s o per\u00edodo critico de cont\u00e1gio sairmos dele com o menor n\u00famero de pessoas infectadas ou quem sabe sem nenhum registro, algo que seria in\u00e9dito, concluiu ele.<br>J\u00e1 o prefeito Silvano Dudu tem demonstrado preocupa\u00e7\u00e3o com toda popula\u00e7\u00e3o e tem orientado as pessoas de que permane\u00e7am em casa e evitem os locais de grande circula\u00e7\u00e3o de pessoas. Neste momento precisamos nos prevenir do mal maior que \u00e9 esse v\u00edrus que vem dizimando um n\u00famero assustador de pessoas no mundo inteiro. Estaremos aqui para ajudar no que for necess\u00e1rio. Haveremos de juntos vencermos est\u00e1 guerra, afirmou ele.<\/p>\n\n\n\n<p>Fonte: SEPLACOM<br>Foto: MIGUEL FILHO<\/p>\n","protected":false},"excerpt":{"rendered":"<p>Foi realizada na \u00faltima sexta-feira, dia 8\/5, uma importante reuni\u00e3o com cerca de 20(vinte) pessoas que foram contratadas emergencialmente pelo munic\u00edpio para trabalharem nas barreiras&hellip; <\/p>\n","protected":false},"author":1,"featured_media":168727,"comment_status":"closed","ping_status":"closed","sticky":false,"template":"","format":"standard","meta":{"sfsi_plus_gutenberg_text_before_share":"","sfsi_plus_gutenberg_show_text_before_share":"","sfsi_plus_gutenberg_icon_type":"","sfsi_plus_gutenberg_icon_alignemt":"","sfsi_plus_gutenburg_max_per_row":"","footnotes":""},"categories":[6,50],"tags":[],"class_list":["post-168699","post","type-post","status-publish","format-standard","has-post-thumbnail","hentry","category-cidades","category-destaque"],"_links":{"self":[{"href":"https:\/\/www.caririemacao.com\/1\/wp-json\/wp\/v2\/posts\/168699","targetHints":{"allow":["GET"]}}],"collection":[{"href":"https:\/\/www.caririemacao.com\/1\/wp-json\/wp\/v2\/posts"}],"about":[{"href":"https:\/\/www.caririemacao.com\/1\/wp-json\/wp\/v2\/types\/post"}],"author":[{"embeddable":true,"href":"https:\/\/www.caririemacao.com\/1\/wp-json\/wp\/v2\/users\/1"}],"replies":[{"embeddable":true,"href":"https:\/\/www.caririemacao.com\/1\/wp-json\/wp\/v2\/comments?post=168699"}],"version-history":[{"count":2,"href":"https:\/\/www.caririemacao.com\/1\/wp-json\/wp\/v2\/posts\/168699\/revisions"}],"predecessor-version":[{"id":168722,"href":"https:\/\/www.caririemacao.com\/1\/wp-json\/wp\/v2\/posts\/168699\/revisions\/168722"}],"wp:featuredmedia":[{"embeddable":true,"href":"https:\/\/www.caririemacao.com\/1\/wp-json\/wp\/v2\/media\/168727"}],"wp:attachment":[{"href":"https:\/\/www.caririemacao.com\/1\/wp-json\/wp\/v2\/media?parent=168699"}],"wp:term":[{"taxonomy":"category","embeddable":true,"href":"https:\/\/www.caririemacao.com\/1\/wp-json\/wp\/v2\/categories?post=168699"},{"taxonomy":"post_tag","embeddable":true,"href":"https:\/\/www.caririemacao.com\/1\/wp-json\/wp\/v2\/tags?post=168699"}],"curies":[{"name":"wp","href":"https:\/\/api.w.org\/{rel}","templated":true}]}}