{"id":168700,"date":"2020-05-11T07:51:38","date_gmt":"2020-05-11T10:51:38","guid":{"rendered":"https:\/\/www.caririemacao.com\/1\/?p=168700"},"modified":"2020-05-11T07:51:38","modified_gmt":"2020-05-11T10:51:38","slug":"secretaria-de-saude-de-monteiro-emite-nota-informativa-sobre-o-covid-19","status":"publish","type":"post","link":"https:\/\/www.caririemacao.com\/1\/2020\/05\/11\/secretaria-de-saude-de-monteiro-emite-nota-informativa-sobre-o-covid-19\/","title":{"rendered":"Secretaria de Sa\u00fade de Monteiro emite nota informativa sobre o Covid-19"},"content":{"rendered":"\n<p>A Secretaria Municipal de Sa\u00fade, vem atrav\u00e9s desta esclarecer e prestar informa\u00e7\u00f5es sobre mais 01 novo caso de COVID 19 em investiga\u00e7\u00e3o.<br>Trata-se de uma idosa de 62 anos do sexo Feminino, residente em Monteiro- PB, apresentando febre, Tosse, satura\u00e7\u00e3o abaixo de 95%, deu entrada hospitalar hoje dia 10\/05\/2020. Encontra-se na ala de COVID 19 no H.M.S.F. Foi realizada a coleta de Swab.<br>Desta forma, seguimos com 3 casos em investiga\u00e7\u00e3o.<\/p>\n\n\n\n<p>Os 02 casos confirmados p COVID, ja encontram-se bem e em isolamento domiciliar.<\/p>\n\n\n\n<p>A Secretaria de Sa\u00fade de Monteiro &nbsp;refor\u00e7a a import\u00e2ncia do Isolamento Social, manter distanciamento, al\u00e9m de medidas gerais de preven\u00e7\u00e3o, como tamb\u00e9m uso obrigat\u00f3rio de m\u00e1scaras de acordo com Decreto Estadual n\u2022 40.217<\/p>\n\n\n\n<p>N\u00e3o compartilhe fake news. Siga nossas redes sociais oficiais.<\/p>\n","protected":false},"excerpt":{"rendered":"<p>A Secretaria Municipal de Sa\u00fade, vem atrav\u00e9s desta esclarecer e prestar informa\u00e7\u00f5es sobre mais 01 novo caso de COVID 19 em investiga\u00e7\u00e3o.Trata-se de uma idosa&hellip; <\/p>\n","protected":false},"author":1,"featured_media":168701,"comment_status":"closed","ping_status":"closed","sticky":false,"template":"","format":"standard","meta":{"sfsi_plus_gutenberg_text_before_share":"","sfsi_plus_gutenberg_show_text_before_share":"","sfsi_plus_gutenberg_icon_type":"","sfsi_plus_gutenberg_icon_alignemt":"","sfsi_plus_gutenburg_max_per_row":"","footnotes":""},"categories":[6,50],"tags":[],"class_list":["post-168700","post","type-post","status-publish","format-standard","has-post-thumbnail","hentry","category-cidades","category-destaque"],"_links":{"self":[{"href":"https:\/\/www.caririemacao.com\/1\/wp-json\/wp\/v2\/posts\/168700","targetHints":{"allow":["GET"]}}],"collection":[{"href":"https:\/\/www.caririemacao.com\/1\/wp-json\/wp\/v2\/posts"}],"about":[{"href":"https:\/\/www.caririemacao.com\/1\/wp-json\/wp\/v2\/types\/post"}],"author":[{"embeddable":true,"href":"https:\/\/www.caririemacao.com\/1\/wp-json\/wp\/v2\/users\/1"}],"replies":[{"embeddable":true,"href":"https:\/\/www.caririemacao.com\/1\/wp-json\/wp\/v2\/comments?post=168700"}],"version-history":[{"count":2,"href":"https:\/\/www.caririemacao.com\/1\/wp-json\/wp\/v2\/posts\/168700\/revisions"}],"predecessor-version":[{"id":168708,"href":"https:\/\/www.caririemacao.com\/1\/wp-json\/wp\/v2\/posts\/168700\/revisions\/168708"}],"wp:featuredmedia":[{"embeddable":true,"href":"https:\/\/www.caririemacao.com\/1\/wp-json\/wp\/v2\/media\/168701"}],"wp:attachment":[{"href":"https:\/\/www.caririemacao.com\/1\/wp-json\/wp\/v2\/media?parent=168700"}],"wp:term":[{"taxonomy":"category","embeddable":true,"href":"https:\/\/www.caririemacao.com\/1\/wp-json\/wp\/v2\/categories?post=168700"},{"taxonomy":"post_tag","embeddable":true,"href":"https:\/\/www.caririemacao.com\/1\/wp-json\/wp\/v2\/tags?post=168700"}],"curies":[{"name":"wp","href":"https:\/\/api.w.org\/{rel}","templated":true}]}}