{"id":168705,"date":"2020-05-11T07:57:11","date_gmt":"2020-05-11T10:57:11","guid":{"rendered":"https:\/\/www.caririemacao.com\/1\/?p=168705"},"modified":"2020-05-11T07:57:11","modified_gmt":"2020-05-11T10:57:11","slug":"monteiro-equipes-da-secretaria-de-desenvolvimento-social-prestam-homenagem-ao-dia-das-maes","status":"publish","type":"post","link":"https:\/\/www.caririemacao.com\/1\/2020\/05\/11\/monteiro-equipes-da-secretaria-de-desenvolvimento-social-prestam-homenagem-ao-dia-das-maes\/","title":{"rendered":"Monteiro: Equipes da Secretaria de Desenvolvimento Social prestam homenagem ao dia das m\u00e3es"},"content":{"rendered":"\n<p>Devido a pandemia em que o pa\u00eds se encontra e zelando pela sa\u00fade das m\u00e3es do munic\u00edpio, a prefeita de Monteiro decidiu neste ano de 2020, realizar uma homenagem de forma simb\u00f3lica com a entrega de kits de higieniza\u00e7\u00e3o.<\/p>\n\n\n\n<figure class=\"wp-block-image size-large\"><img fetchpriority=\"high\" decoding=\"async\" width=\"1024\" height=\"682\" src=\"https:\/\/www.caririemacao.com\/1\/wp-content\/uploads\/2020\/05\/maes-2020-11-1024x682.jpeg\" alt=\"\" class=\"wp-image-168717\" srcset=\"https:\/\/www.caririemacao.com\/1\/wp-content\/uploads\/2020\/05\/maes-2020-11-1024x682.jpeg 1024w, https:\/\/www.caririemacao.com\/1\/wp-content\/uploads\/2020\/05\/maes-2020-11-300x200.jpeg 300w, https:\/\/www.caririemacao.com\/1\/wp-content\/uploads\/2020\/05\/maes-2020-11-768x512.jpeg 768w, https:\/\/www.caririemacao.com\/1\/wp-content\/uploads\/2020\/05\/maes-2020-11.jpeg 1280w\" sizes=\"(max-width: 1024px) 100vw, 1024px\" \/><\/figure>\n\n\n\n<p>A grande e tradicional festa do Dia das M\u00e3es teve que ser cancela pra que n\u00e3o houvesse aglomera\u00e7\u00e3o. \u201cFoi com o cora\u00e7\u00e3o pequenininho que decidimos abrir m\u00e3o da comemora\u00e7\u00e3o do dia das m\u00e3es, mas, com o cora\u00e7\u00e3o enorme, pensamos primeiramente na sa\u00fade delas\u201d, contou a prefeita Anna Lorena.<\/p>\n\n\n\n<p>Durante toda a semana, equipes da Secretaria de Desenvolvimento Social percorreram as ruas da cidade realizando a homenagem. \u201cRecebi o presente na porta da minha casa e achei lindo o gesto da prefeita. Fiquei muito grata e emocionada\u201d, conta a monteirense Leda Santos.<\/p>\n\n\n\n<figure class=\"wp-block-image size-large\"><img decoding=\"async\" width=\"1024\" height=\"682\" data-src=\"https:\/\/www.caririemacao.com\/1\/wp-content\/uploads\/2020\/05\/img_202005101119tALP-2.jpeg\" alt=\"\" class=\"wp-image-168718 lazyload\" data-srcset=\"https:\/\/www.caririemacao.com\/1\/wp-content\/uploads\/2020\/05\/img_202005101119tALP-2.jpeg 1024w, https:\/\/www.caririemacao.com\/1\/wp-content\/uploads\/2020\/05\/img_202005101119tALP-2-300x200.jpeg 300w, https:\/\/www.caririemacao.com\/1\/wp-content\/uploads\/2020\/05\/img_202005101119tALP-2-768x512.jpeg 768w\" data-sizes=\"(max-width: 1024px) 100vw, 1024px\" src=\"data:image\/svg+xml;base64,PHN2ZyB3aWR0aD0iMSIgaGVpZ2h0PSIxIiB4bWxucz0iaHR0cDovL3d3dy53My5vcmcvMjAwMC9zdmciPjwvc3ZnPg==\" style=\"--smush-placeholder-width: 1024px; --smush-placeholder-aspect-ratio: 1024\/682;\" \/><\/figure>\n\n\n\n<p>Neste domingo, 10, pela manh\u00e3 a prefeita emitiu uma nota com uma mensagem dedicada \u00e0s mam\u00e3es monteirenses, confira:<\/p>\n\n\n\n<p>\u201cM\u00e3e \u00e9 uma palavra t\u00e3o pequena, mas de signific\u00e2ncia enorme. Nessa mulher cabe a for\u00e7a para enfrentar uma gravidez, que nem sempre s\u00e3o tranq\u00fcilas, for\u00e7a para trazer-nos ao mundo e muito mais for\u00e7a para nos ensinar o que \u00e9 a vida.<\/p>\n\n\n\n<p>Este \u00e9 mais um ano que tenho a honra de comemorar junto a todas as monteirenses como mam\u00e3e e descubro a cada dia os desafios de realizar um papel de boa m\u00e3e, e neste mesmo ano descobrimos que temos que ter uma grande for\u00e7a para \u2018ficar longe\u2019 de quem amamos devido a quarentena e distanciamento social.<\/p>\n\n\n\n<p>Neste ano de 2020 descobrimos um amor ainda maior, uma dedica\u00e7\u00e3o maior, para resguardar a quem tanto amamos.<br>Desejo a todas as mam\u00e3es muita sa\u00fade, paz e externamos mais uma vez nosso amor dizendo \u2018fique em casa\u2019, tudo vai ficar bem, e Deus nos permitir\u00e1 em 2021 comemorar este dia com todos os abra\u00e7os e beijos intermin\u00e1veis, bem juntos com toda a fam\u00edlia.<\/p>\n\n\n\n<p>Feliz dia das m\u00e3es para todas as m\u00e3es vitoriosas do mundo e em especial as mam\u00e3es monteirenses! Porque n\u00e3o existe d\u00e1diva maior do que ser m\u00e3e!\u201d<\/p>\n","protected":false},"excerpt":{"rendered":"<p>Devido a pandemia em que o pa\u00eds se encontra e zelando pela sa\u00fade das m\u00e3es do munic\u00edpio, a prefeita de Monteiro decidiu neste ano de&hellip; <\/p>\n","protected":false},"author":1,"featured_media":168714,"comment_status":"closed","ping_status":"closed","sticky":false,"template":"","format":"standard","meta":{"sfsi_plus_gutenberg_text_before_share":"","sfsi_plus_gutenberg_show_text_before_share":"","sfsi_plus_gutenberg_icon_type":"","sfsi_plus_gutenberg_icon_alignemt":"","sfsi_plus_gutenburg_max_per_row":"","footnotes":""},"categories":[6,50],"tags":[],"class_list":["post-168705","post","type-post","status-publish","format-standard","has-post-thumbnail","hentry","category-cidades","category-destaque"],"_links":{"self":[{"href":"https:\/\/www.caririemacao.com\/1\/wp-json\/wp\/v2\/posts\/168705","targetHints":{"allow":["GET"]}}],"collection":[{"href":"https:\/\/www.caririemacao.com\/1\/wp-json\/wp\/v2\/posts"}],"about":[{"href":"https:\/\/www.caririemacao.com\/1\/wp-json\/wp\/v2\/types\/post"}],"author":[{"embeddable":true,"href":"https:\/\/www.caririemacao.com\/1\/wp-json\/wp\/v2\/users\/1"}],"replies":[{"embeddable":true,"href":"https:\/\/www.caririemacao.com\/1\/wp-json\/wp\/v2\/comments?post=168705"}],"version-history":[{"count":1,"href":"https:\/\/www.caririemacao.com\/1\/wp-json\/wp\/v2\/posts\/168705\/revisions"}],"predecessor-version":[{"id":168719,"href":"https:\/\/www.caririemacao.com\/1\/wp-json\/wp\/v2\/posts\/168705\/revisions\/168719"}],"wp:featuredmedia":[{"embeddable":true,"href":"https:\/\/www.caririemacao.com\/1\/wp-json\/wp\/v2\/media\/168714"}],"wp:attachment":[{"href":"https:\/\/www.caririemacao.com\/1\/wp-json\/wp\/v2\/media?parent=168705"}],"wp:term":[{"taxonomy":"category","embeddable":true,"href":"https:\/\/www.caririemacao.com\/1\/wp-json\/wp\/v2\/categories?post=168705"},{"taxonomy":"post_tag","embeddable":true,"href":"https:\/\/www.caririemacao.com\/1\/wp-json\/wp\/v2\/tags?post=168705"}],"curies":[{"name":"wp","href":"https:\/\/api.w.org\/{rel}","templated":true}]}}