{"id":168716,"date":"2020-05-11T07:57:57","date_gmt":"2020-05-11T10:57:57","guid":{"rendered":"https:\/\/www.caririemacao.com\/1\/?p=168716"},"modified":"2020-05-11T07:57:57","modified_gmt":"2020-05-11T10:57:57","slug":"bolsonaro-defende-atuacao-do-planalto-e-critica-governadores","status":"publish","type":"post","link":"https:\/\/www.caririemacao.com\/1\/2020\/05\/11\/bolsonaro-defende-atuacao-do-planalto-e-critica-governadores\/","title":{"rendered":"Bolsonaro defende atua\u00e7\u00e3o do Planalto e critica governadores"},"content":{"rendered":"\n<h2 class=\"wp-block-heading\"><\/h2>\n\n\n\n<p>O presidente da Rep\u00fablica, Jair Bolsonaro, voltou a se posicionar sobre as medidas de combate adotadas para combater o novo coronav\u00edrus e criticar a atua\u00e7\u00e3o dos governos estaduais e a imprensa. Em duas publica\u00e7\u00f5es, Bolsonaro compartilhou v\u00eddeos em que presta conta de a\u00e7\u00f5es desenvolvidas pelo governo federal, critica imprensa e governadores e compila declara\u00e7\u00f5es feitas por ele e sua equipe &#8211; sem citar os momentos em que o pr\u00f3prio minimizou o cen\u00e1rio nacional.<\/p>\n\n\n\n<p>O primeiro v\u00eddeo foi compatilhado na noite do s\u00e1bado, 9. Assinado pela Secretaria de Comunica\u00e7\u00e3o, a pe\u00e7a publicit\u00e1ria tem 4 minutos de dura\u00e7\u00e3o e come\u00e7a com uma mensagem criticando a imprensa que, nas palavras do governo, estaria virando \u00e0s costas aos fatos e aos brasileiros.<\/p>\n\n\n\n<p>Ap\u00f3s apresentar uma s\u00e9rie de manchetes de jornais nacionais e internacionais criticando a postura do presidente e do governo na condu\u00e7\u00e3o da pandemia, o v\u00eddeo lista medidas de iniciativa do governo federal, intercalando com declara\u00e7\u00f5es de Bolsonaro, Paulo Guedes, Onyx Lorenzoni e Nelson Teich sobre a atua\u00e7\u00e3o do Planalto da crise.<\/p>\n\n\n\n<p>Em outra publica\u00e7\u00e3o, feita na manh\u00e3 deste domingo, 10, o presidente compartilhou um segundo v\u00eddeo, de uma a\u00e7\u00e3o policial no transporte p\u00fablico do Maranh\u00e3o. Nas imagens, um policial militar aparentemente fiscaliza se as pessoas est\u00e3o cumprindo regras de isolamento. Al\u00e9m do v\u00eddeo, o presidente escreveu uma mensagem criticando o governador do Estado, Fl\u00e1vio Dino (PCdoB).<\/p>\n\n\n\n<p>&#8220;Documento e declara\u00e7\u00e3o de que vai trabalhar&#8221;&#8230; Se n\u00e3o tem desce. Assim o povo est\u00e1 sendo tratado e governado pelo PCdoB\/MA e situa\u00e7\u00f5es semelhantes em mais estados. O chefe de fam\u00edlia deve ficar em casa passando fome com sua fam\u00edlia. Milh\u00f5es j\u00e1 sentem como \u00e9 viver na Venezuela.&#8221;<\/p>\n\n\n\n<p>Horas depois da publica\u00e7\u00e3o, Dino respondeu ao presidente em um tweet. &#8220;Se Bolsonaro morasse em S\u00e3o Lu\u00eds, n\u00e3o teria como se deslocar para apoiar coronav\u00edrus, passear de jet ski e fazer n\u00fameros de &#8220;humor&#8221;. Por isso ele se preocupou com a restri\u00e7\u00e3o a atividades n\u00e3o essenciais. Afinal, o seu atual cotidiano nada tem de essencial para a nossa Na\u00e7\u00e3o.&#8221;<\/p>\n","protected":false},"excerpt":{"rendered":"<p>O presidente da Rep\u00fablica, Jair Bolsonaro, voltou a se posicionar sobre as medidas de combate adotadas para combater o novo coronav\u00edrus e criticar a atua\u00e7\u00e3o&hellip; <\/p>\n","protected":false},"author":2,"featured_media":164678,"comment_status":"closed","ping_status":"closed","sticky":false,"template":"","format":"standard","meta":{"sfsi_plus_gutenberg_text_before_share":"","sfsi_plus_gutenberg_show_text_before_share":"","sfsi_plus_gutenberg_icon_type":"","sfsi_plus_gutenberg_icon_alignemt":"","sfsi_plus_gutenburg_max_per_row":"","footnotes":""},"categories":[11],"tags":[],"class_list":["post-168716","post","type-post","status-publish","format-standard","has-post-thumbnail","hentry","category-politica"],"_links":{"self":[{"href":"https:\/\/www.caririemacao.com\/1\/wp-json\/wp\/v2\/posts\/168716","targetHints":{"allow":["GET"]}}],"collection":[{"href":"https:\/\/www.caririemacao.com\/1\/wp-json\/wp\/v2\/posts"}],"about":[{"href":"https:\/\/www.caririemacao.com\/1\/wp-json\/wp\/v2\/types\/post"}],"author":[{"embeddable":true,"href":"https:\/\/www.caririemacao.com\/1\/wp-json\/wp\/v2\/users\/2"}],"replies":[{"embeddable":true,"href":"https:\/\/www.caririemacao.com\/1\/wp-json\/wp\/v2\/comments?post=168716"}],"version-history":[{"count":1,"href":"https:\/\/www.caririemacao.com\/1\/wp-json\/wp\/v2\/posts\/168716\/revisions"}],"predecessor-version":[{"id":168720,"href":"https:\/\/www.caririemacao.com\/1\/wp-json\/wp\/v2\/posts\/168716\/revisions\/168720"}],"wp:featuredmedia":[{"embeddable":true,"href":"https:\/\/www.caririemacao.com\/1\/wp-json\/wp\/v2\/media\/164678"}],"wp:attachment":[{"href":"https:\/\/www.caririemacao.com\/1\/wp-json\/wp\/v2\/media?parent=168716"}],"wp:term":[{"taxonomy":"category","embeddable":true,"href":"https:\/\/www.caririemacao.com\/1\/wp-json\/wp\/v2\/categories?post=168716"},{"taxonomy":"post_tag","embeddable":true,"href":"https:\/\/www.caririemacao.com\/1\/wp-json\/wp\/v2\/tags?post=168716"}],"curies":[{"name":"wp","href":"https:\/\/api.w.org\/{rel}","templated":true}]}}