{"id":168723,"date":"2020-05-11T08:02:11","date_gmt":"2020-05-11T11:02:11","guid":{"rendered":"https:\/\/www.caririemacao.com\/1\/?p=168723"},"modified":"2020-05-11T08:02:11","modified_gmt":"2020-05-11T11:02:11","slug":"especialistas-esclarecem-sobre-confeccao-uso-e-higienizacao","status":"publish","type":"post","link":"https:\/\/www.caririemacao.com\/1\/2020\/05\/11\/especialistas-esclarecem-sobre-confeccao-uso-e-higienizacao\/","title":{"rendered":"Especialistas esclarecem sobre confec\u00e7\u00e3o, uso e higieniza\u00e7\u00e3o"},"content":{"rendered":"\n<h2 class=\"wp-block-heading\"><\/h2>\n\n\n\n<p>Elas t\u00eam tido um papel importante no combate ao novo coronav\u00edrus. A determina\u00e7\u00e3o do governo em rela\u00e7\u00e3o ao uso de m\u00e1scaras est\u00e1 vigente desde 30 de abril, por\u00e9m, a fiscaliza\u00e7\u00e3o e a multa em rela\u00e7\u00e3o \u00e0 utiliza\u00e7\u00e3o do produto come\u00e7a amanh\u00e3. Como uma barreira f\u00edsica, as prote\u00e7\u00f5es faciais s\u00e3o mais uma das formas de luta contra a covid-19. Especialistas destacam a import\u00e2ncia da medida e orientam sobre o material de confec\u00e7\u00e3o, al\u00e9m da forma correta de usar, manusear e higienizar a m\u00e1scara.<br><br>A multa para quem for flagrado na rua sem o equipamento \u00e9 de at\u00e9 R$ 2 mil. A artes\u00e3 Claudia Martins, 49 anos, n\u00e3o s\u00f3 garantiu a dela, como tamb\u00e9m confecciona a prote\u00e7\u00e3o para venda. \u201cAssim que surgiram os dois primeiros casos no DF, eu fiz uma para mim, para o meu filho e para uma amiga. Sou artes\u00e3, ent\u00e3o tenho experi\u00eancia com costura\u201d, conta. Desde o come\u00e7o do trabalho, ela seguiu as orienta\u00e7\u00f5es das autoridades e fez pesquisas a respeito do tecido e da higieniza\u00e7\u00e3o, com o objetivo de repassar as informa\u00e7\u00f5es para as clientes. \u201cUso dois tecidos, mais o TNT. N\u00e3o posso ser irrespons\u00e1vel de vender falando que basta usar a m\u00e1scara que estar\u00e3o protegidos. \u00c9 uma barreira f\u00edsica, que torna a contamina\u00e7\u00e3o mais dif\u00edcil\u201d, ressalta.<br><br>O produto \u00e9 uma medida adicional para a prote\u00e7\u00e3o de quem precisa sair de casa, segundo o infectologista Gilberto Nogueira, da Rede D\u2019Or S\u00e3o Luiz. \u201cO uso obrigat\u00f3rio das m\u00e1scaras n\u00e3o muda em nada a necessidade de manter as medidas de distanciamento social. Para as pessoas contaminadas, ela ajuda como barreira f\u00edsica e diminui a transmiss\u00e3o para as sadias. Quando essa pessoa contaminada fala, tosse ou espirra, as got\u00edculas produzidas se prendem ao tecido, diminuindo muito a dissemina\u00e7\u00e3o para o ambiente\u201d, explica. Em rela\u00e7\u00e3o ao tecido, a orienta\u00e7\u00e3o \u00e9 usar panos de algod\u00e3o ou mistura com elastano, TNT e outros. \u201c\u00c9 importante ter pelo menos duas camadas. Existe estudo demonstrando que quanto mais dobras de tecido, maior a efici\u00eancia\u201d, detalha.<br><br>A militar Erica Ferreira, 41, aderiu ao uso da m\u00e1scara antes da obrigatoriedade. Ela confeccionou as pr\u00f3prias prote\u00e7\u00f5es e comprou outras. \u201cPeguei o modelo e decidi fazer. Comprei TNT e fiz com tr\u00eas camadas\u201d, comenta. Erica precisa sair diariamente para trabalhar. Para ela, a fiscaliza\u00e7\u00e3o ser\u00e1 de grande import\u00e2ncia, motivando a popula\u00e7\u00e3o a se proteger. \u201cSe cada um fizer a sua parte, a gente vai conseguir vencer essa luta\u201d, ressalta. Al\u00e9m de usar a prote\u00e7\u00e3o facial, Erica segue todas as orienta\u00e7\u00f5es de preven\u00e7\u00e3o \u00e0 doen\u00e7a. \u201cEstou usando \u00e1lcool em gel, lavo sempre as m\u00e3os e s\u00f3 saio quando necess\u00e1rio. Quando chego do trabalho, deixo o meu uniforme na porta\u201d, diz.<br><br>Utiliza\u00e7\u00e3o<br><br>Um ponto importante \u00e9 o tamanho da m\u00e1scara. Ela deve ficar ajustada ao rosto, para evitar que as pessoas toquem nela. \u201cRecomendo utilizar a prote\u00e7\u00e3o bem ajustada ao rosto. Se for necess\u00e1rio reajustar, sempre higienizar as m\u00e3os antes e nunca tocar na parte da frente, manipulando apenas pelos el\u00e1sticos ou pelas tiras laterais\u201d, orienta o infectologista Gilberto. Ao retirar para fazer uma refei\u00e7\u00e3o, por exemplo, \u00e9 importante ficar atento para n\u00e3o contaminar o produto e guard\u00e1-lo em lugar adequado. \u201cEu recomendo duas alternativas: um recipiente de pl\u00e1stico com pequenos furos, para evitar a umidifica\u00e7\u00e3o do produto, como caixas pl\u00e1sticas de uvas; ou pode colocar em um envelope de papel\u201d, aconselha.<br><br>Os infectologistas recomendam ter uma m\u00e1scara extra sempre que ficar muito tempo fora de casa. Elas n\u00e3o devem estar \u00famidas ou sujas, como explica a infectologia Ana Helena Germoglio: \u201cDepois de 3 horas de uso cont\u00ednuo, ela fica \u00famida. Se ficar \u00famida, suja ou danificada, deve ser trocada\u201d. A infectologista ainda alerta sobre a dura\u00e7\u00e3o da qualidade do tecido. \u201cDepois de 30 lavagens, ela pode reduzir a capacidade de barreira\u201d, revela. Para colocar e retirar, a indica\u00e7\u00e3o \u00e9 fazer sempre com as m\u00e3os higienizadas com \u00e1gua e sab\u00e3o ou \u00e1lcool em gel. O manuseio deve ser feito pelas laterais.<br><br>Crian\u00e7as<br><br>O uso das m\u00e1scaras em crian\u00e7as gera d\u00favidas. A recomenda\u00e7\u00e3o de pediatras \u00e9 de que crian\u00e7as com menos de 2 anos n\u00e3o utilizem a prote\u00e7\u00e3o. \u201cElas n\u00e3o devem usar, porque h\u00e1 risco de sufocamento. Al\u00e9m disso, elas podem ficar passando a l\u00edngua na m\u00e1scara, e passando a m\u00e3o na parte externa, aumentando o risco de contamina\u00e7\u00e3o\u201d, justifica a pediatra Nathalia Sarkis, do Hospital Santa L\u00facia e membro titular da Sociedade Brasileira de Pediatria. Para aqueles acima de 2 e menores de 6 anos, o uso deve ser feito apenas com a supervis\u00e3o de um adulto. \u201cAs crian\u00e7as entre 7 e 10 anos conseguem usar a prote\u00e7\u00e3o, mas seguida de observa\u00e7\u00e3o. Os pais ou respons\u00e1veis devem sempre ficar atentos\u201d, acrescenta a pediatra.<br><br>A oficial tempor\u00e1ria do Ex\u00e9rcito K\u00e1tia Kelly, 35, providenciou logo as prote\u00e7\u00f5es para ela e para a filha, Isabella, 4. No in\u00edcio, a menina n\u00e3o aceitou muito bem o acess\u00f3rio, mas, com o tempo, se acostumou. \u201cHoje, ela ama usar m\u00e1scara. Quando precisamos sair, ela n\u00e3o fica sem\u201d, conta. K\u00e1tia tamb\u00e9m optou por comprar produtos com estampas infantis e combinando com a faixa do cabelo. \u201cEu achei muito legal. Comprei uma igual para mim e para ela, para a gente ficar combinado. Acaba sendo mais f\u00e1cil de voc\u00ea usar junto com os filhos, e eles aceitam melhor\u201d, explica.<br><br>As estampas e os modelos infantis ganham espa\u00e7o no processo de confec\u00e7\u00e3o. A pedagoga Monia de Castro, 42, e a m\u00e3e dela, a artes\u00e3 Neusa de Castro, 64, usaram a criatividade para conquistar a garotada. As m\u00e1scaras comuns ganharam novos formatos, como orelhinhas de gato e do Batman. \u201cTestamos com a minha filha de 8 anos, e ela adorou. Ent\u00e3o, resolvemos divulgar. Temos tido bastantes encomendas\u201d, comemora Monia. As m\u00e3es tamb\u00e9m ganharam modelos especiais \u201cA minha m\u00e3e (Neusa) veio com a ideia para o Dia das M\u00e3es. Ela colocou um len\u00e7o, protegendo tamb\u00e9m o pesco\u00e7o do frio. Aqui em casa, a cabe\u00e7a n\u00e3o para de funcionar e, \u00e0s vezes, a cria\u00e7\u00e3o vai madrugada adentro\u201d, acrescenta. Ap\u00f3s a obrigatoriedade, a procura pela prote\u00e7\u00e3o aumentou, segundo a pedagoga, o que complementa a renda da fam\u00edlia.&nbsp;<\/p>\n","protected":false},"excerpt":{"rendered":"<p>Elas t\u00eam tido um papel importante no combate ao novo coronav\u00edrus. A determina\u00e7\u00e3o do governo em rela\u00e7\u00e3o ao uso de m\u00e1scaras est\u00e1 vigente desde 30&hellip; <\/p>\n","protected":false},"author":2,"featured_media":168724,"comment_status":"closed","ping_status":"closed","sticky":false,"template":"","format":"standard","meta":{"sfsi_plus_gutenberg_text_before_share":"","sfsi_plus_gutenberg_show_text_before_share":"","sfsi_plus_gutenberg_icon_type":"","sfsi_plus_gutenberg_icon_alignemt":"","sfsi_plus_gutenburg_max_per_row":"","footnotes":""},"categories":[2],"tags":[],"class_list":["post-168723","post","type-post","status-publish","format-standard","has-post-thumbnail","hentry","category-geral"],"_links":{"self":[{"href":"https:\/\/www.caririemacao.com\/1\/wp-json\/wp\/v2\/posts\/168723","targetHints":{"allow":["GET"]}}],"collection":[{"href":"https:\/\/www.caririemacao.com\/1\/wp-json\/wp\/v2\/posts"}],"about":[{"href":"https:\/\/www.caririemacao.com\/1\/wp-json\/wp\/v2\/types\/post"}],"author":[{"embeddable":true,"href":"https:\/\/www.caririemacao.com\/1\/wp-json\/wp\/v2\/users\/2"}],"replies":[{"embeddable":true,"href":"https:\/\/www.caririemacao.com\/1\/wp-json\/wp\/v2\/comments?post=168723"}],"version-history":[{"count":1,"href":"https:\/\/www.caririemacao.com\/1\/wp-json\/wp\/v2\/posts\/168723\/revisions"}],"predecessor-version":[{"id":168725,"href":"https:\/\/www.caririemacao.com\/1\/wp-json\/wp\/v2\/posts\/168723\/revisions\/168725"}],"wp:featuredmedia":[{"embeddable":true,"href":"https:\/\/www.caririemacao.com\/1\/wp-json\/wp\/v2\/media\/168724"}],"wp:attachment":[{"href":"https:\/\/www.caririemacao.com\/1\/wp-json\/wp\/v2\/media?parent=168723"}],"wp:term":[{"taxonomy":"category","embeddable":true,"href":"https:\/\/www.caririemacao.com\/1\/wp-json\/wp\/v2\/categories?post=168723"},{"taxonomy":"post_tag","embeddable":true,"href":"https:\/\/www.caririemacao.com\/1\/wp-json\/wp\/v2\/tags?post=168723"}],"curies":[{"name":"wp","href":"https:\/\/api.w.org\/{rel}","templated":true}]}}