{"id":168728,"date":"2020-05-11T08:08:00","date_gmt":"2020-05-11T11:08:00","guid":{"rendered":"https:\/\/www.caririemacao.com\/1\/?p=168728"},"modified":"2020-05-11T08:08:00","modified_gmt":"2020-05-11T11:08:00","slug":"caraubas-prefeitura-ganha-na-justica-acao-popular-movida-por-vereador-da-oposicao-por-suposta-promocao-pessoal","status":"publish","type":"post","link":"https:\/\/www.caririemacao.com\/1\/2020\/05\/11\/caraubas-prefeitura-ganha-na-justica-acao-popular-movida-por-vereador-da-oposicao-por-suposta-promocao-pessoal\/","title":{"rendered":"Cara\u00fabas: Prefeitura ganha na justi\u00e7a a\u00e7\u00e3o popular movida por vereador da oposi\u00e7\u00e3o por suposta promo\u00e7\u00e3o pessoal"},"content":{"rendered":"\n<p>O prefeito Silvano Dudu e o seu vice-prefeito, Z\u00e9 de Laura foram notificados na manh\u00e3 desta sexta-feira, dia 8 de Maio, pela Justi\u00e7a da comarca de Serra Branca da decis\u00e3o exaurida pela corte em A\u00e7\u00e3o Popular n.\u00ba 0800102-15.2018.8.15.0341, movida pelo vereador oposicionista Jos\u00e9 Josimar Ferreira da Silva(BAZOCA), cujo objetivo era a de utiliza\u00e7\u00e3o de meio publicit\u00e1rio para autopromo\u00e7\u00e3o pessoal.<br>A \u00e9poca o vereador alegou que as imagens utilizadas na divulga\u00e7\u00e3o das a\u00e7\u00f5es do Poder P\u00fablico Municipal e de suas a\u00e7\u00f5es administrativas caracterizavam, supostamente, promo\u00e7\u00e3o pessoal do prefeito Silvano Dudu e do vice prefeito Z\u00e9 de Laura.<\/p>\n\n\n\n<p><br>De acordo com a decis\u00e3o do juiz de Direito da mencionada comarca, Dr. Fabr\u00edcio Meira Mac\u00eado ap\u00f3s an\u00e1lise das imagens apresentadas nos autos, n\u00e3o verificou-se e t\u00e3o pouco ficou comprovado a autopromo\u00e7\u00e3o pessoal do prefeito e do vice-prefeito de Cara\u00fabas, \u201cn\u00e3o havendo, portanto, ato eivado de lesividade e imoralidade\u201d.<\/p>\n\n\n\n<p><br>Julgada improcedente a presente a\u00e7\u00e3o o prefeito Silvano Dudu falou que mais uma vez pessoas ligadas a oposi\u00e7\u00e3o pol\u00edtica no munic\u00edpio, insatisfeitos com as dezenas de a\u00e7\u00f5es, tentam usar do engodo (da mentira) para enganar aqueles menos esclarecidos. Todas as imagens que foram utilizadas naquele evento est\u00e3o sendo hoje concretizadas, algo que o autor da a\u00e7\u00e3o n\u00e3o acreditava e declarava como inver\u00eddicas, disse o prefeito.<\/p>\n\n\n\n<p><br>Mesmo sabendo que n\u00e3o estava ofendendo o principio da impessoalidade e da moralidade o prefeito Silvano Dudu encaminhou ao setor jur\u00eddico do munic\u00edpio a presente decis\u00e3o em senten\u00e7a para que sejam adotadas as medidas de a\u00e7\u00e3o de danos morais pelas inverdades praticadas pelo senhor vereador citado na inicial, concluiu o prefeito.<\/p>\n\n\n\n<p>Fonte: SEPLACOM<br>Foto: ARQUIVO<\/p>\n\n\n\n<figure class=\"wp-block-image size-large\"><img fetchpriority=\"high\" decoding=\"async\" width=\"679\" height=\"960\" src=\"https:\/\/www.caririemacao.com\/1\/wp-content\/uploads\/2020\/05\/FB_IMG_1589195067695-1.jpg\" alt=\"\" class=\"wp-image-168730\" srcset=\"https:\/\/www.caririemacao.com\/1\/wp-content\/uploads\/2020\/05\/FB_IMG_1589195067695-1.jpg 679w, https:\/\/www.caririemacao.com\/1\/wp-content\/uploads\/2020\/05\/FB_IMG_1589195067695-1-212x300.jpg 212w\" sizes=\"(max-width: 679px) 100vw, 679px\" \/><\/figure>\n\n\n\n<figure class=\"wp-block-image size-large\"><img decoding=\"async\" width=\"679\" height=\"960\" data-src=\"https:\/\/www.caririemacao.com\/1\/wp-content\/uploads\/2020\/05\/FB_IMG_1589195194017.jpg\" alt=\"\" class=\"wp-image-168731 lazyload\" data-srcset=\"https:\/\/www.caririemacao.com\/1\/wp-content\/uploads\/2020\/05\/FB_IMG_1589195194017.jpg 679w, https:\/\/www.caririemacao.com\/1\/wp-content\/uploads\/2020\/05\/FB_IMG_1589195194017-212x300.jpg 212w\" data-sizes=\"(max-width: 679px) 100vw, 679px\" src=\"data:image\/svg+xml;base64,PHN2ZyB3aWR0aD0iMSIgaGVpZ2h0PSIxIiB4bWxucz0iaHR0cDovL3d3dy53My5vcmcvMjAwMC9zdmciPjwvc3ZnPg==\" style=\"--smush-placeholder-width: 679px; --smush-placeholder-aspect-ratio: 679\/960;\" \/><\/figure>\n\n\n\n<figure class=\"wp-block-image size-large\"><img decoding=\"async\" width=\"679\" height=\"960\" data-src=\"https:\/\/www.caririemacao.com\/1\/wp-content\/uploads\/2020\/05\/FB_IMG_1589195196977.jpg\" alt=\"\" class=\"wp-image-168732 lazyload\" data-srcset=\"https:\/\/www.caririemacao.com\/1\/wp-content\/uploads\/2020\/05\/FB_IMG_1589195196977.jpg 679w, https:\/\/www.caririemacao.com\/1\/wp-content\/uploads\/2020\/05\/FB_IMG_1589195196977-212x300.jpg 212w\" data-sizes=\"(max-width: 679px) 100vw, 679px\" src=\"data:image\/svg+xml;base64,PHN2ZyB3aWR0aD0iMSIgaGVpZ2h0PSIxIiB4bWxucz0iaHR0cDovL3d3dy53My5vcmcvMjAwMC9zdmciPjwvc3ZnPg==\" style=\"--smush-placeholder-width: 679px; --smush-placeholder-aspect-ratio: 679\/960;\" \/><\/figure>\n\n\n\n<figure class=\"wp-block-image size-large\"><img decoding=\"async\" width=\"679\" height=\"960\" data-src=\"https:\/\/www.caririemacao.com\/1\/wp-content\/uploads\/2020\/05\/FB_IMG_1589195199784.jpg\" alt=\"\" class=\"wp-image-168733 lazyload\" data-srcset=\"https:\/\/www.caririemacao.com\/1\/wp-content\/uploads\/2020\/05\/FB_IMG_1589195199784.jpg 679w, https:\/\/www.caririemacao.com\/1\/wp-content\/uploads\/2020\/05\/FB_IMG_1589195199784-212x300.jpg 212w\" data-sizes=\"(max-width: 679px) 100vw, 679px\" src=\"data:image\/svg+xml;base64,PHN2ZyB3aWR0aD0iMSIgaGVpZ2h0PSIxIiB4bWxucz0iaHR0cDovL3d3dy53My5vcmcvMjAwMC9zdmciPjwvc3ZnPg==\" style=\"--smush-placeholder-width: 679px; --smush-placeholder-aspect-ratio: 679\/960;\" \/><\/figure>\n\n\n\n<figure class=\"wp-block-image size-large\"><img decoding=\"async\" width=\"679\" height=\"960\" data-src=\"https:\/\/www.caririemacao.com\/1\/wp-content\/uploads\/2020\/05\/FB_IMG_1589195202070.jpg\" alt=\"\" class=\"wp-image-168734 lazyload\" data-srcset=\"https:\/\/www.caririemacao.com\/1\/wp-content\/uploads\/2020\/05\/FB_IMG_1589195202070.jpg 679w, https:\/\/www.caririemacao.com\/1\/wp-content\/uploads\/2020\/05\/FB_IMG_1589195202070-212x300.jpg 212w\" data-sizes=\"(max-width: 679px) 100vw, 679px\" src=\"data:image\/svg+xml;base64,PHN2ZyB3aWR0aD0iMSIgaGVpZ2h0PSIxIiB4bWxucz0iaHR0cDovL3d3dy53My5vcmcvMjAwMC9zdmciPjwvc3ZnPg==\" style=\"--smush-placeholder-width: 679px; --smush-placeholder-aspect-ratio: 679\/960;\" \/><\/figure>\n","protected":false},"excerpt":{"rendered":"<p>O prefeito Silvano Dudu e o seu vice-prefeito, Z\u00e9 de Laura foram notificados na manh\u00e3 desta sexta-feira, dia 8 de Maio, pela Justi\u00e7a da comarca&hellip; <\/p>\n","protected":false},"author":1,"featured_media":168729,"comment_status":"closed","ping_status":"closed","sticky":false,"template":"","format":"standard","meta":{"sfsi_plus_gutenberg_text_before_share":"","sfsi_plus_gutenberg_show_text_before_share":"","sfsi_plus_gutenberg_icon_type":"","sfsi_plus_gutenberg_icon_alignemt":"","sfsi_plus_gutenburg_max_per_row":"","footnotes":""},"categories":[6,50],"tags":[],"class_list":["post-168728","post","type-post","status-publish","format-standard","has-post-thumbnail","hentry","category-cidades","category-destaque"],"_links":{"self":[{"href":"https:\/\/www.caririemacao.com\/1\/wp-json\/wp\/v2\/posts\/168728","targetHints":{"allow":["GET"]}}],"collection":[{"href":"https:\/\/www.caririemacao.com\/1\/wp-json\/wp\/v2\/posts"}],"about":[{"href":"https:\/\/www.caririemacao.com\/1\/wp-json\/wp\/v2\/types\/post"}],"author":[{"embeddable":true,"href":"https:\/\/www.caririemacao.com\/1\/wp-json\/wp\/v2\/users\/1"}],"replies":[{"embeddable":true,"href":"https:\/\/www.caririemacao.com\/1\/wp-json\/wp\/v2\/comments?post=168728"}],"version-history":[{"count":1,"href":"https:\/\/www.caririemacao.com\/1\/wp-json\/wp\/v2\/posts\/168728\/revisions"}],"predecessor-version":[{"id":168736,"href":"https:\/\/www.caririemacao.com\/1\/wp-json\/wp\/v2\/posts\/168728\/revisions\/168736"}],"wp:featuredmedia":[{"embeddable":true,"href":"https:\/\/www.caririemacao.com\/1\/wp-json\/wp\/v2\/media\/168729"}],"wp:attachment":[{"href":"https:\/\/www.caririemacao.com\/1\/wp-json\/wp\/v2\/media?parent=168728"}],"wp:term":[{"taxonomy":"category","embeddable":true,"href":"https:\/\/www.caririemacao.com\/1\/wp-json\/wp\/v2\/categories?post=168728"},{"taxonomy":"post_tag","embeddable":true,"href":"https:\/\/www.caririemacao.com\/1\/wp-json\/wp\/v2\/tags?post=168728"}],"curies":[{"name":"wp","href":"https:\/\/api.w.org\/{rel}","templated":true}]}}