{"id":168735,"date":"2020-05-11T08:09:13","date_gmt":"2020-05-11T11:09:13","guid":{"rendered":"https:\/\/www.caririemacao.com\/1\/?p=168735"},"modified":"2020-05-11T08:09:13","modified_gmt":"2020-05-11T11:09:13","slug":"ifpb-oferta-2-750-vagas-em-cursos-fic-a-distancia","status":"publish","type":"post","link":"https:\/\/www.caririemacao.com\/1\/2020\/05\/11\/ifpb-oferta-2-750-vagas-em-cursos-fic-a-distancia\/","title":{"rendered":"IFPB oferta 2.750 vagas em cursos FIC \u00e0 dist\u00e2ncia"},"content":{"rendered":"\n<h2 class=\"wp-block-heading\"><\/h2>\n\n\n\n<p>O Instituto Federal da Para\u00edba (IFPB) publicou, na sexta-feira (08), edital de sele\u00e7\u00e3o de estudantes para o preenchimento de vagas em Cursos de Forma\u00e7\u00e3o Inicial e Continuada (FIC), na modalidade a dist\u00e2ncia, atrav\u00e9s do Programa Novos Caminhos da Rede e-Tec Brasil.<br><br>Ao todo, 2.750 vagas s\u00e3o ofertadas nos campi Cabedelo, Cabedelo Centro, Sousa, Santa Rita, Guarabira, Pedras de Fogo, Itaporanga, Areia e Santa Luzia. Os cursos dispon\u00edveis s\u00e3o os de Auxiliar Pedag\u00f3gico, Gestor de Microempresa, Agente de Projetos Sociais, Agente de Combate \u00e0s Endemias, Agente Comunit\u00e1rio de Sa\u00fade, Assistente Administrativo e Agente de Desenvolvimento Cooperativista.<br><br>As inscri\u00e7\u00f5es s\u00e3o gratuitas e podem ser feitas de 11 a 20 de maio, atrav\u00e9s do preenchimento de formul\u00e1rio eletr\u00f4nico e do envio, atrav\u00e9s de anexo, da documenta\u00e7\u00e3o completa exigida.<br><br>As vagas ser\u00e3o preenchidas conforme a ordem de inscri\u00e7\u00e3o. Segundo o cronograma disponibilizado no edital, a divulga\u00e7\u00e3o do resultado final acontece no dia 27 de maio.<br><br>Os interessados devem possuir computador com acesso a internet, pois as aulas ser\u00e3o executadas exclusivamente on-line, atrav\u00e9s do Ambiente Virtual de Aprendizagem (AVA). A previs\u00e3o de in\u00edcio dos cursos \u00e9 para o dia 30 de maio.<\/p>\n","protected":false},"excerpt":{"rendered":"<p>O Instituto Federal da Para\u00edba (IFPB) publicou, na sexta-feira (08), edital de sele\u00e7\u00e3o de estudantes para o preenchimento de vagas em Cursos de Forma\u00e7\u00e3o Inicial&hellip; <\/p>\n","protected":false},"author":2,"featured_media":168737,"comment_status":"closed","ping_status":"closed","sticky":false,"template":"","format":"standard","meta":{"sfsi_plus_gutenberg_text_before_share":"","sfsi_plus_gutenberg_show_text_before_share":"","sfsi_plus_gutenberg_icon_type":"","sfsi_plus_gutenberg_icon_alignemt":"","sfsi_plus_gutenburg_max_per_row":"","footnotes":""},"categories":[2],"tags":[],"class_list":["post-168735","post","type-post","status-publish","format-standard","has-post-thumbnail","hentry","category-geral"],"_links":{"self":[{"href":"https:\/\/www.caririemacao.com\/1\/wp-json\/wp\/v2\/posts\/168735","targetHints":{"allow":["GET"]}}],"collection":[{"href":"https:\/\/www.caririemacao.com\/1\/wp-json\/wp\/v2\/posts"}],"about":[{"href":"https:\/\/www.caririemacao.com\/1\/wp-json\/wp\/v2\/types\/post"}],"author":[{"embeddable":true,"href":"https:\/\/www.caririemacao.com\/1\/wp-json\/wp\/v2\/users\/2"}],"replies":[{"embeddable":true,"href":"https:\/\/www.caririemacao.com\/1\/wp-json\/wp\/v2\/comments?post=168735"}],"version-history":[{"count":1,"href":"https:\/\/www.caririemacao.com\/1\/wp-json\/wp\/v2\/posts\/168735\/revisions"}],"predecessor-version":[{"id":168738,"href":"https:\/\/www.caririemacao.com\/1\/wp-json\/wp\/v2\/posts\/168735\/revisions\/168738"}],"wp:featuredmedia":[{"embeddable":true,"href":"https:\/\/www.caririemacao.com\/1\/wp-json\/wp\/v2\/media\/168737"}],"wp:attachment":[{"href":"https:\/\/www.caririemacao.com\/1\/wp-json\/wp\/v2\/media?parent=168735"}],"wp:term":[{"taxonomy":"category","embeddable":true,"href":"https:\/\/www.caririemacao.com\/1\/wp-json\/wp\/v2\/categories?post=168735"},{"taxonomy":"post_tag","embeddable":true,"href":"https:\/\/www.caririemacao.com\/1\/wp-json\/wp\/v2\/tags?post=168735"}],"curies":[{"name":"wp","href":"https:\/\/api.w.org\/{rel}","templated":true}]}}