{"id":168740,"date":"2020-05-11T08:11:52","date_gmt":"2020-05-11T11:11:52","guid":{"rendered":"https:\/\/www.caririemacao.com\/1\/?p=168740"},"modified":"2020-05-11T08:11:52","modified_gmt":"2020-05-11T11:11:52","slug":"senado-e-camara-decretam-luto-oficial-de-tres-dias-por-mortes-do-coronavirus","status":"publish","type":"post","link":"https:\/\/www.caririemacao.com\/1\/2020\/05\/11\/senado-e-camara-decretam-luto-oficial-de-tres-dias-por-mortes-do-coronavirus\/","title":{"rendered":"Senado e C\u00e2mara decretam luto oficial de tr\u00eas dias por mortes do coronav\u00edrus"},"content":{"rendered":"\n<h2 class=\"wp-block-heading\"><\/h2>\n\n\n\n<p>O Congresso Nacional est\u00e1 em luto de tr\u00eas dias, em raz\u00e3o dos \u00f3bitos oficiais do novo coronav\u00edrus (Covid-19) que atingiram a marca de 10 mil mortes no pa\u00eds. O decreto foi publicado em edi\u00e7\u00e3o extraordin\u00e1ria do Di\u00e1rio Oficial do Congresso Nacional de s\u00e1bado (9).<br><br>O ato conjunto foi anunciado pelos presidentes das duas casas, Rodrigo Maia (C\u00e2mara) e Davi Alcolumbre (Senado). Por meio de nota, ambos informaram que a bandeira nacional localizada em frente ao Congresso ficar\u00e1 hasteada a meio-mastro a partir das 14h.<br><br>Tamb\u00e9m em nota, o Senado informa que, conforme prev\u00ea o ato conjunto 2\/2020, ficam proibidas quaisquer celebra\u00e7\u00f5es, comemora\u00e7\u00f5es ou festividades enquanto durar o luto. \u201c\u00c9 uma trag\u00e9dia que nos devasta mais a cada dia. Este Parlamento, que representa o povo e o equil\u00edbrio federativo desta na\u00e7\u00e3o, n\u00e3o est\u00e1 indiferente a este momento de perda, de tristeza e de pesar. A situa\u00e7\u00e3o que estamos vivendo \u00e9 lamentavelmente singular\u201d, diz a declara\u00e7\u00e3o conjunta de Maia e Alcolumbre.<br><br>No documento, os dois presidentes do Legislativo pedem a todos que mantenham as recomenda\u00e7\u00f5es das autoridades de sa\u00fade, visando a diminui\u00e7\u00e3o do ritmo de cont\u00e1gio da doen\u00e7a. O Brasil \u00e9 o sexto pa\u00eds com maior n\u00famero de mortes causadas pelo covid-19, com 9,897 mil \u00f3bitos registrados oficialmente at\u00e9 \u00e0s 13h30 da tarde do \u00faltimo s\u00e1bado.<br><br>O pa\u00eds s\u00f3 fica atr\u00e1s da Fran\u00e7a (26,18 mil), Espanha (26,25 mil), It\u00e1lia (30,2 mil), Reino Unido (31,24 mil) e Estados Unidos (69,88 mil).<br><br>Em rela\u00e7\u00e3o ao n\u00famero de casos confirmados, o Brasil ocupa a 9\u00aa posi\u00e7\u00e3o no ranking mundial da Organiza\u00e7\u00e3o Mundial da Sa\u00fade (OMS), com 135,1 mil. Acima do pa\u00eds est\u00e3o Turquia (135,56 mil), Fran\u00e7a (136,57 mil), Alemanha (168,55 mil), R\u00fassia (198,67 mil), Reino Unido (211,36 mil), It\u00e1lia (217,18 mil), Espanha (222,85 mil) e Estados Unidos (1,24 milh\u00e3o).<\/p>\n","protected":false},"excerpt":{"rendered":"<p>O Congresso Nacional est\u00e1 em luto de tr\u00eas dias, em raz\u00e3o dos \u00f3bitos oficiais do novo coronav\u00edrus (Covid-19) que atingiram a marca de 10 mil&hellip; <\/p>\n","protected":false},"author":2,"featured_media":168741,"comment_status":"closed","ping_status":"closed","sticky":false,"template":"","format":"standard","meta":{"sfsi_plus_gutenberg_text_before_share":"","sfsi_plus_gutenberg_show_text_before_share":"","sfsi_plus_gutenberg_icon_type":"","sfsi_plus_gutenberg_icon_alignemt":"","sfsi_plus_gutenburg_max_per_row":"","footnotes":""},"categories":[2],"tags":[],"class_list":["post-168740","post","type-post","status-publish","format-standard","has-post-thumbnail","hentry","category-geral"],"_links":{"self":[{"href":"https:\/\/www.caririemacao.com\/1\/wp-json\/wp\/v2\/posts\/168740","targetHints":{"allow":["GET"]}}],"collection":[{"href":"https:\/\/www.caririemacao.com\/1\/wp-json\/wp\/v2\/posts"}],"about":[{"href":"https:\/\/www.caririemacao.com\/1\/wp-json\/wp\/v2\/types\/post"}],"author":[{"embeddable":true,"href":"https:\/\/www.caririemacao.com\/1\/wp-json\/wp\/v2\/users\/2"}],"replies":[{"embeddable":true,"href":"https:\/\/www.caririemacao.com\/1\/wp-json\/wp\/v2\/comments?post=168740"}],"version-history":[{"count":1,"href":"https:\/\/www.caririemacao.com\/1\/wp-json\/wp\/v2\/posts\/168740\/revisions"}],"predecessor-version":[{"id":168742,"href":"https:\/\/www.caririemacao.com\/1\/wp-json\/wp\/v2\/posts\/168740\/revisions\/168742"}],"wp:featuredmedia":[{"embeddable":true,"href":"https:\/\/www.caririemacao.com\/1\/wp-json\/wp\/v2\/media\/168741"}],"wp:attachment":[{"href":"https:\/\/www.caririemacao.com\/1\/wp-json\/wp\/v2\/media?parent=168740"}],"wp:term":[{"taxonomy":"category","embeddable":true,"href":"https:\/\/www.caririemacao.com\/1\/wp-json\/wp\/v2\/categories?post=168740"},{"taxonomy":"post_tag","embeddable":true,"href":"https:\/\/www.caririemacao.com\/1\/wp-json\/wp\/v2\/tags?post=168740"}],"curies":[{"name":"wp","href":"https:\/\/api.w.org\/{rel}","templated":true}]}}