{"id":168745,"date":"2020-05-11T08:16:31","date_gmt":"2020-05-11T11:16:31","guid":{"rendered":"https:\/\/www.caririemacao.com\/1\/?p=168745"},"modified":"2020-05-11T08:16:31","modified_gmt":"2020-05-11T11:16:31","slug":"pagamento-de-agua-e-luz-segue-obrigatorio-na-quarentena","status":"publish","type":"post","link":"https:\/\/www.caririemacao.com\/1\/2020\/05\/11\/pagamento-de-agua-e-luz-segue-obrigatorio-na-quarentena\/","title":{"rendered":"Pagamento de \u00e1gua e luz segue obrigat\u00f3rio na quarentena"},"content":{"rendered":"\n<h2 class=\"wp-block-heading\"><\/h2>\n\n\n\n<p>O fornecimento de \u00e1gua e o de energia el\u00e9trica n\u00e3o pode ser suspenso por motivo de inadimpl\u00eancia dos consumidores enquanto durar o isolamento social provocado pelas medidas preventivas de combate ao coronav\u00edrus, mas o consumidor n\u00e3o est\u00e1 isento do pagamento das faturas mensais, sob pena de arcar com o \u00f4nus constante na legisla\u00e7\u00e3o como juros e cadastro negativo, alerta a Secretaria Municipal de Prote\u00e7\u00e3o e Defesa do Consumidor (Procon-JP).<br><br>A secret\u00e1ria do Procon-JP, Maristela Viana, explica que o consumidor tem procurado a Secretaria para tirar d\u00favidas sobre esse assunto e alguns at\u00e9 pensam que tamb\u00e9m est\u00e3o isentos dos pagamentos das faturas.<br><br>\u201cEm um momento at\u00edpico como esse e que existe um grande volume de informa\u00e7\u00f5es, inclusive de not\u00edcias falsas, \u00e9 normal haver esse tipo de confus\u00e3o. O pagamento da fatura continua obrigat\u00f3rio, ainda que a inadimpl\u00eancia n\u00e3o provoque o corte no fornecimento desses dois servi\u00e7os por 90 dias, desde que foi decretado o estado de calamidade p\u00fablica\u201d.<br><br>Maristela Viana aconselha ao consumidor que, sempre que poss\u00edvel, fa\u00e7a o pagamento de suas contas, at\u00e9 para evitar ac\u00famulo de d\u00edvidas quando tudo voltar \u00e0 normalidade. \u201cEntendemos que o momento \u00e9 delicado, que muita gente teve redu\u00e7\u00e3o da renda mensal, mas vale o esfor\u00e7o de n\u00e3o se tornar inadimplente em servi\u00e7os essenciais. Sempre que poss\u00edvel, pague sua fatura mensal porque mais cedo ou mais tarde ela ser\u00e1 cobrada\u201d.<br><br>Ela acrescenta que agora, mais do que nunca, \u00e9 preciso evitar o desperd\u00edcio, tanto para preservar o fornecimento normal desses servi\u00e7os, quanto para reduzir os gastos e tentar manter o or\u00e7amento dom\u00e9stico mais equilibrado. \u201cCom as pessoas ficando mais tempo em casa, tamb\u00e9m \u00e9 normal o consumo aumentar, mas algumas medidas podem ser adotadas para evitar o desperd\u00edcio\u201d, orienta Maristela Viana.<br><br>Como poupar energia el\u00e9trica:<br><br>\u2013 Retire os aparelhos das tomadas quando n\u00e3o estiverem sendo utilizados;\u2013 Acumule roupas para utilizar a capacidade m\u00e1xima da m\u00e1quina de lavar;\u2013 Aproveite a luz do dia para executar algumas atividades, mantendo portas e janelas abertas;\u2013 Apague a luz dos c\u00f4modos ao sair;\u2013 Use chuveiro el\u00e9trico na posi\u00e7\u00e3o ver\u00e3o ou morno e evite banhos demorados;\u2013 Verifique a veda\u00e7\u00e3o da porta da geladeira sempre que us\u00e1-la;\u2013 Mantenha os filtros do ar-condicionado sempre limpos para evitar que o motor trabalhe mais.<br><br>Como poupar \u00e1gua<br><br>\u2013 Feche a torneira quando estiver escovando os dentes, fazendo a barba ou lavando as m\u00e3os e o corpo;\u2013 Evite banhos demorados;\u2013 Observe se h\u00e1 vazamentos e n\u00e3o deixe torneiras pingando;\u2013 Evite lavar p\u00e1tios, cal\u00e7adas e quintais, mas se for necess\u00e1rio, use mangueira de press\u00e3o ou reutilize a \u00e1gua da m\u00e1quina de lavar roupa, por exemplo;\u2013 Utilize a capacidade m\u00e1xima da m\u00e1quina de lavar roupa.<\/p>\n","protected":false},"excerpt":{"rendered":"<p>O fornecimento de \u00e1gua e o de energia el\u00e9trica n\u00e3o pode ser suspenso por motivo de inadimpl\u00eancia dos consumidores enquanto durar o isolamento social provocado&hellip; <\/p>\n","protected":false},"author":2,"featured_media":168746,"comment_status":"closed","ping_status":"closed","sticky":false,"template":"","format":"standard","meta":{"sfsi_plus_gutenberg_text_before_share":"","sfsi_plus_gutenberg_show_text_before_share":"","sfsi_plus_gutenberg_icon_type":"","sfsi_plus_gutenberg_icon_alignemt":"","sfsi_plus_gutenburg_max_per_row":"","footnotes":""},"categories":[2],"tags":[],"class_list":["post-168745","post","type-post","status-publish","format-standard","has-post-thumbnail","hentry","category-geral"],"_links":{"self":[{"href":"https:\/\/www.caririemacao.com\/1\/wp-json\/wp\/v2\/posts\/168745","targetHints":{"allow":["GET"]}}],"collection":[{"href":"https:\/\/www.caririemacao.com\/1\/wp-json\/wp\/v2\/posts"}],"about":[{"href":"https:\/\/www.caririemacao.com\/1\/wp-json\/wp\/v2\/types\/post"}],"author":[{"embeddable":true,"href":"https:\/\/www.caririemacao.com\/1\/wp-json\/wp\/v2\/users\/2"}],"replies":[{"embeddable":true,"href":"https:\/\/www.caririemacao.com\/1\/wp-json\/wp\/v2\/comments?post=168745"}],"version-history":[{"count":1,"href":"https:\/\/www.caririemacao.com\/1\/wp-json\/wp\/v2\/posts\/168745\/revisions"}],"predecessor-version":[{"id":168747,"href":"https:\/\/www.caririemacao.com\/1\/wp-json\/wp\/v2\/posts\/168745\/revisions\/168747"}],"wp:featuredmedia":[{"embeddable":true,"href":"https:\/\/www.caririemacao.com\/1\/wp-json\/wp\/v2\/media\/168746"}],"wp:attachment":[{"href":"https:\/\/www.caririemacao.com\/1\/wp-json\/wp\/v2\/media?parent=168745"}],"wp:term":[{"taxonomy":"category","embeddable":true,"href":"https:\/\/www.caririemacao.com\/1\/wp-json\/wp\/v2\/categories?post=168745"},{"taxonomy":"post_tag","embeddable":true,"href":"https:\/\/www.caririemacao.com\/1\/wp-json\/wp\/v2\/tags?post=168745"}],"curies":[{"name":"wp","href":"https:\/\/api.w.org\/{rel}","templated":true}]}}