{"id":168750,"date":"2020-05-11T08:19:02","date_gmt":"2020-05-11T11:19:02","guid":{"rendered":"https:\/\/www.caririemacao.com\/1\/?p=168750"},"modified":"2020-05-11T08:19:02","modified_gmt":"2020-05-11T11:19:02","slug":"homem-e-preso-por-crime-de-maria-da-penha-em-monteiro","status":"publish","type":"post","link":"https:\/\/www.caririemacao.com\/1\/2020\/05\/11\/homem-e-preso-por-crime-de-maria-da-penha-em-monteiro\/","title":{"rendered":"Homem \u00e9 preso por crime de Maria da Penha em Monteiro"},"content":{"rendered":"\n<p>Por volta das 01h20min a guarni\u00e7\u00e3o da Pol\u00edcia Militar foi acionada para averiguar uma ocorr\u00eancia de viol\u00eancia dom\u00e9stica na rua Jo\u00e3o da Paz De Oliveira , no bairro Alto de S\u00e3o Vicente em Monteiro.<\/p>\n\n\n\n<p>O COPOM recebeu den\u00fancias informando que no local indicado o acusado de 27 anos de idade, estaria embriagado, quebrando garrafas de vidro, agredindo sua esposa e estaria na posse de uma faca riscando o ch\u00e3o. Ao chegar no local constatou-se que a v\u00edtima de 26 anos de idade, apresentava marcas de viol\u00eancia e que confirmou ter sido agredida pelo seu companheiro. O acusado tentou empreender fuga e reagiu \u00e0 pris\u00e3o, sendo contido pelos policiais, o mesmo conduzido para a Delegacia de Pol\u00edcia Civil de Monteiro para as medidas cab\u00edveis.<\/p>\n\n\n\n<p>No dia anterior, a guarni\u00e7\u00e3o j\u00e1 havia prestado atendimento quanto a uma den\u00fancia de que a mesma senhora estava sendo agredida, onde com a chegada da viatura a v\u00edtima negou ter sido agredida pelo acusado.<\/p>\n","protected":false},"excerpt":{"rendered":"<p>Por volta das 01h20min a guarni\u00e7\u00e3o da Pol\u00edcia Militar foi acionada para averiguar uma ocorr\u00eancia de viol\u00eancia dom\u00e9stica na rua Jo\u00e3o da Paz De Oliveira&hellip; <\/p>\n","protected":false},"author":1,"featured_media":164567,"comment_status":"closed","ping_status":"closed","sticky":false,"template":"","format":"standard","meta":{"sfsi_plus_gutenberg_text_before_share":"","sfsi_plus_gutenberg_show_text_before_share":"","sfsi_plus_gutenberg_icon_type":"","sfsi_plus_gutenberg_icon_alignemt":"","sfsi_plus_gutenburg_max_per_row":"","footnotes":""},"categories":[6,12],"tags":[],"class_list":["post-168750","post","type-post","status-publish","format-standard","has-post-thumbnail","hentry","category-cidades","category-policia"],"_links":{"self":[{"href":"https:\/\/www.caririemacao.com\/1\/wp-json\/wp\/v2\/posts\/168750","targetHints":{"allow":["GET"]}}],"collection":[{"href":"https:\/\/www.caririemacao.com\/1\/wp-json\/wp\/v2\/posts"}],"about":[{"href":"https:\/\/www.caririemacao.com\/1\/wp-json\/wp\/v2\/types\/post"}],"author":[{"embeddable":true,"href":"https:\/\/www.caririemacao.com\/1\/wp-json\/wp\/v2\/users\/1"}],"replies":[{"embeddable":true,"href":"https:\/\/www.caririemacao.com\/1\/wp-json\/wp\/v2\/comments?post=168750"}],"version-history":[{"count":1,"href":"https:\/\/www.caririemacao.com\/1\/wp-json\/wp\/v2\/posts\/168750\/revisions"}],"predecessor-version":[{"id":168751,"href":"https:\/\/www.caririemacao.com\/1\/wp-json\/wp\/v2\/posts\/168750\/revisions\/168751"}],"wp:featuredmedia":[{"embeddable":true,"href":"https:\/\/www.caririemacao.com\/1\/wp-json\/wp\/v2\/media\/164567"}],"wp:attachment":[{"href":"https:\/\/www.caririemacao.com\/1\/wp-json\/wp\/v2\/media?parent=168750"}],"wp:term":[{"taxonomy":"category","embeddable":true,"href":"https:\/\/www.caririemacao.com\/1\/wp-json\/wp\/v2\/categories?post=168750"},{"taxonomy":"post_tag","embeddable":true,"href":"https:\/\/www.caririemacao.com\/1\/wp-json\/wp\/v2\/tags?post=168750"}],"curies":[{"name":"wp","href":"https:\/\/api.w.org\/{rel}","templated":true}]}}