{"id":168753,"date":"2020-05-11T08:22:20","date_gmt":"2020-05-11T11:22:20","guid":{"rendered":"https:\/\/www.caririemacao.com\/1\/?p=168753"},"modified":"2020-05-11T08:22:20","modified_gmt":"2020-05-11T11:22:20","slug":"prefeitura-de-sao-joao-do-cariri-inicia-obras-de-construcao-do-ginasio-poliesportivo-da-cidade","status":"publish","type":"post","link":"https:\/\/www.caririemacao.com\/1\/2020\/05\/11\/prefeitura-de-sao-joao-do-cariri-inicia-obras-de-construcao-do-ginasio-poliesportivo-da-cidade\/","title":{"rendered":"Prefeitura de S\u00e3o Jo\u00e3o do Cariri inicia obras de constru\u00e7\u00e3o do gin\u00e1sio poliesportivo da cidade"},"content":{"rendered":"\n<h1 class=\"wp-block-heading\"><\/h1>\n\n\n\n<p>Grande sonho e desejo antigo dos desportistas e de toda a popula\u00e7\u00e3o, a Prefeitura Municipal de S\u00e3o Jo\u00e3o do Cariri iniciou as obras de constru\u00e7\u00e3o do t\u00e3o aguardado gin\u00e1sio poliesportivo da cidade.<\/p>\n\n\n\n<p>A obra foi iniciada no dia do anivers\u00e1rio da cidade no \u00faltimo dia 05 de maio e os funcion\u00e1rios da empresa iniciaram a primeira etapa de constru\u00e7\u00e3o da obra. O equipamento esportivo est\u00e1 sendo constru\u00eddo dentro do Est\u00e1dio Municipal de Futebol, onde futuramente se transformar\u00e1 em um moderno complexo esportivo, com a implanta\u00e7\u00e3o de novos espa\u00e7os e com a pr\u00e1tica de diversas modalidades a exemplo do volei, futebol de areia e o t\u00e3o praticado futebol amador.<\/p>\n\n\n\n<div class=\"wp-block-image\"><figure class=\"alignright\"><img decoding=\"async\" data-src=\"http:\/\/deolhonocariri.com.br\/wp-content\/uploads\/2020\/05\/3.jpg\" alt=\"\" class=\"wp-image-82161 lazyload\" src=\"data:image\/svg+xml;base64,PHN2ZyB3aWR0aD0iMSIgaGVpZ2h0PSIxIiB4bWxucz0iaHR0cDovL3d3dy53My5vcmcvMjAwMC9zdmciPjwvc3ZnPg==\" \/><\/figure><\/div>\n\n\n\n<p>J\u00e1 as modalidades do futsal, volei e handebol ser\u00e3o as predominantes dentro do gin\u00e1sio de esportes, atendendo aos esportistas do munic\u00edpio, aos jovens, estudantes, como tamb\u00e9m servir\u00e1 de palco para campeonatos municipais, jogos escolares e demais eventos esportivos e culturais.<\/p>\n\n\n\n<p>O gin\u00e1sio poliesportivo contar\u00e1 com a constru\u00e7\u00e3o de arquibancadas , telas de prote\u00e7\u00e3o e uma moderna estrutura pronta para atender os desportistas. J\u00e1 os banheiros ser\u00e3o utilizados a do est\u00e1dio municipal de futebol que fica localizado a poucos metros do gin\u00e1sio, onde ser\u00e3o totalmente reformados e revitalizados, dando comodidade aos atletas e a popula\u00e7\u00e3o.<\/p>\n\n\n\n<p>Os investimentos s\u00e3o da ordem de R$ 473.156,57 e a execu\u00e7\u00e3o dos trabalhos s\u00e3o de responsabilidade da Construtora Santa Julia Incorporadora e Construtora LTDA, e os recursos para a realiza\u00e7\u00e3o da obra s\u00e3o oriundos do pr\u00e9-sal.<\/p>\n\n\n\n<p>O prazo e a execu\u00e7\u00e3o da obra durar\u00e1 cerca de seis meses, tempo que deixar\u00e1 os desportistas ansiosos para a realiza\u00e7\u00e3o do t\u00e3o aguardado gin\u00e1sio de esportes.<\/p>\n\n\n\n<p>O prefeito Helder Trajano destacou que o gin\u00e1sio de esportes trar\u00e1 mais desenvolvimento e incentivo a pr\u00e1tica esportiva no munic\u00edpio. \u201cFinalmente a nossa cidade contar\u00e1 com seu pr\u00f3prio gin\u00e1sio de esportes, grande sonho da nossa popula\u00e7\u00e3o. Com certeza trar\u00e1 um legado importante para cidade, trazendo mais desenvolvimento e uma melhor qualidade de vida aos desportistas de nosso munic\u00edpio\u201d, disse o gestor s\u00e3ojo\u00e3oense.<\/p>\n\n\n\n<p>O secret\u00e1rio de esportes Laudson Brito esteve presente durante a semana no local da obra e ficou feliz ao ver o grande sonho da popula\u00e7\u00e3o sendo enfim iniciado. \u201cEstamos felizes por ver este grande sonho saindo do papel. Em breve vamos tornar este sonho em realidade e vamos fazer deste complexo, um grande espa\u00e7o para a pr\u00e1tica de esportes em nosso munic\u00edpio\u201d, frisou o secret\u00e1rio.<\/p>\n\n\n\n<p>S\u00e3o Jo\u00e3o do Cariri \u00e9 uma das poucas cidades do Cariri paraibano que ainda n\u00e3o possu\u00eda um gin\u00e1sio poliesportivo e com a constru\u00e7\u00e3o do equipamento, entrar\u00e1 definitivamente na rota para a realiza\u00e7\u00e3o dos principais eventos esportivos h\u00e1 n\u00edvel municipal e regional.<\/p>\n","protected":false},"excerpt":{"rendered":"<p>Grande sonho e desejo antigo dos desportistas e de toda a popula\u00e7\u00e3o, a Prefeitura Municipal de S\u00e3o Jo\u00e3o do Cariri iniciou as obras de constru\u00e7\u00e3o&hellip; <\/p>\n","protected":false},"author":2,"featured_media":168754,"comment_status":"closed","ping_status":"closed","sticky":false,"template":"","format":"standard","meta":{"sfsi_plus_gutenberg_text_before_share":"","sfsi_plus_gutenberg_show_text_before_share":"","sfsi_plus_gutenberg_icon_type":"","sfsi_plus_gutenberg_icon_alignemt":"","sfsi_plus_gutenburg_max_per_row":"","footnotes":""},"categories":[2],"tags":[],"class_list":["post-168753","post","type-post","status-publish","format-standard","has-post-thumbnail","hentry","category-geral"],"_links":{"self":[{"href":"https:\/\/www.caririemacao.com\/1\/wp-json\/wp\/v2\/posts\/168753","targetHints":{"allow":["GET"]}}],"collection":[{"href":"https:\/\/www.caririemacao.com\/1\/wp-json\/wp\/v2\/posts"}],"about":[{"href":"https:\/\/www.caririemacao.com\/1\/wp-json\/wp\/v2\/types\/post"}],"author":[{"embeddable":true,"href":"https:\/\/www.caririemacao.com\/1\/wp-json\/wp\/v2\/users\/2"}],"replies":[{"embeddable":true,"href":"https:\/\/www.caririemacao.com\/1\/wp-json\/wp\/v2\/comments?post=168753"}],"version-history":[{"count":1,"href":"https:\/\/www.caririemacao.com\/1\/wp-json\/wp\/v2\/posts\/168753\/revisions"}],"predecessor-version":[{"id":168755,"href":"https:\/\/www.caririemacao.com\/1\/wp-json\/wp\/v2\/posts\/168753\/revisions\/168755"}],"wp:featuredmedia":[{"embeddable":true,"href":"https:\/\/www.caririemacao.com\/1\/wp-json\/wp\/v2\/media\/168754"}],"wp:attachment":[{"href":"https:\/\/www.caririemacao.com\/1\/wp-json\/wp\/v2\/media?parent=168753"}],"wp:term":[{"taxonomy":"category","embeddable":true,"href":"https:\/\/www.caririemacao.com\/1\/wp-json\/wp\/v2\/categories?post=168753"},{"taxonomy":"post_tag","embeddable":true,"href":"https:\/\/www.caririemacao.com\/1\/wp-json\/wp\/v2\/tags?post=168753"}],"curies":[{"name":"wp","href":"https:\/\/api.w.org\/{rel}","templated":true}]}}