{"id":168758,"date":"2020-05-11T08:26:55","date_gmt":"2020-05-11T11:26:55","guid":{"rendered":"https:\/\/www.caririemacao.com\/1\/?p=168758"},"modified":"2020-05-11T08:26:55","modified_gmt":"2020-05-11T11:26:55","slug":"estatua-do-padre-cicero-no-ceara-recebe-mascara-para-conscientizar-sobre-o-coronavirus","status":"publish","type":"post","link":"https:\/\/www.caririemacao.com\/1\/2020\/05\/11\/estatua-do-padre-cicero-no-ceara-recebe-mascara-para-conscientizar-sobre-o-coronavirus\/","title":{"rendered":"Est\u00e1tua do Padre C\u00edcero, no Cear\u00e1, recebe m\u00e1scara para conscientizar sobre o coronav\u00edrus"},"content":{"rendered":"\n<h1 class=\"wp-block-heading\"><\/h1>\n\n\n\n<p>A m\u00e1scara foi projetada pelo estilista Wellington Vieira, que inicialmente foi at\u00e9 a colina do Horto, onde est\u00e1 erguido o monumento de 27 metros, tirar as medidas.<\/p>\n\n\n\n<p>\u201cA partir da\u00ed fizemos um estudo sobre qual material usar\u201d, conta. Depois disso, junto com mais quatro pessoas integrantes de um terreiro de candombl\u00e9, confeccionaram a m\u00e1scara com poli\u00e9ster. \u201cIdeal para resistir \u00e0 chuva, ao sol\u201d, pontua.<\/p>\n\n\n\n<p>Ao receber a proposta, o estilista encarou como um desafio. \u201cN\u00f3s tivemos a garra para fazer justamente com esse papel de conscientiza\u00e7\u00e3o. A gente sabe que as pessoas de Juazeiro e do Cariri tem uma f\u00e9 enorme, principalmente na figura do Padre C\u00edcero\u201d, exalta Wellington. A m\u00e1scara foi instalada com a ajuda de um carro do Corpo de Bombeiros e tr\u00eas militares.O prefeito de Juazeiro do Norte, Arnon Bezerra, explica que a a\u00e7\u00e3o atende a uma sugest\u00e3o de muitos moradores e romeiros que visitam a cidade para que desse visibilidade ao uso da m\u00e1scara. \u201cO impacto de ver o Padre C\u00edcero com a m\u00e1scara junta a ver f\u00e9 cada um com uma a\u00e7\u00e3o que venha beneficiar a todos\u201d, acredita.<\/p>\n\n\n\n<figure class=\"wp-block-image\"><img decoding=\"async\" data-src=\"http:\/\/www.blogdobrunolira.com.br\/wp-content\/uploads\/2020\/05\/whatsapp-image-2020-05-09-at-16.23.25-1-.jpeg\" alt=\"\" class=\"wp-image-22189 lazyload\" src=\"data:image\/svg+xml;base64,PHN2ZyB3aWR0aD0iMSIgaGVpZ2h0PSIxIiB4bWxucz0iaHR0cDovL3d3dy53My5vcmcvMjAwMC9zdmciPjwvc3ZnPg==\" \/><\/figure>\n","protected":false},"excerpt":{"rendered":"<p>A m\u00e1scara foi projetada pelo estilista Wellington Vieira, que inicialmente foi at\u00e9 a colina do Horto, onde est\u00e1 erguido o monumento de 27 metros, tirar&hellip; <\/p>\n","protected":false},"author":2,"featured_media":168760,"comment_status":"closed","ping_status":"closed","sticky":false,"template":"","format":"standard","meta":{"sfsi_plus_gutenberg_text_before_share":"","sfsi_plus_gutenberg_show_text_before_share":"","sfsi_plus_gutenberg_icon_type":"","sfsi_plus_gutenberg_icon_alignemt":"","sfsi_plus_gutenburg_max_per_row":"","footnotes":""},"categories":[2],"tags":[],"class_list":["post-168758","post","type-post","status-publish","format-standard","has-post-thumbnail","hentry","category-geral"],"_links":{"self":[{"href":"https:\/\/www.caririemacao.com\/1\/wp-json\/wp\/v2\/posts\/168758","targetHints":{"allow":["GET"]}}],"collection":[{"href":"https:\/\/www.caririemacao.com\/1\/wp-json\/wp\/v2\/posts"}],"about":[{"href":"https:\/\/www.caririemacao.com\/1\/wp-json\/wp\/v2\/types\/post"}],"author":[{"embeddable":true,"href":"https:\/\/www.caririemacao.com\/1\/wp-json\/wp\/v2\/users\/2"}],"replies":[{"embeddable":true,"href":"https:\/\/www.caririemacao.com\/1\/wp-json\/wp\/v2\/comments?post=168758"}],"version-history":[{"count":1,"href":"https:\/\/www.caririemacao.com\/1\/wp-json\/wp\/v2\/posts\/168758\/revisions"}],"predecessor-version":[{"id":168761,"href":"https:\/\/www.caririemacao.com\/1\/wp-json\/wp\/v2\/posts\/168758\/revisions\/168761"}],"wp:featuredmedia":[{"embeddable":true,"href":"https:\/\/www.caririemacao.com\/1\/wp-json\/wp\/v2\/media\/168760"}],"wp:attachment":[{"href":"https:\/\/www.caririemacao.com\/1\/wp-json\/wp\/v2\/media?parent=168758"}],"wp:term":[{"taxonomy":"category","embeddable":true,"href":"https:\/\/www.caririemacao.com\/1\/wp-json\/wp\/v2\/categories?post=168758"},{"taxonomy":"post_tag","embeddable":true,"href":"https:\/\/www.caririemacao.com\/1\/wp-json\/wp\/v2\/tags?post=168758"}],"curies":[{"name":"wp","href":"https:\/\/api.w.org\/{rel}","templated":true}]}}