{"id":168759,"date":"2020-05-11T08:28:35","date_gmt":"2020-05-11T11:28:35","guid":{"rendered":"https:\/\/www.caririemacao.com\/1\/?p=168759"},"modified":"2020-05-11T08:28:35","modified_gmt":"2020-05-11T11:28:35","slug":"pm-fecha-bar-que-descumprida-medidas-sanitarias-em-serra-branca","status":"publish","type":"post","link":"https:\/\/www.caririemacao.com\/1\/2020\/05\/11\/pm-fecha-bar-que-descumprida-medidas-sanitarias-em-serra-branca\/","title":{"rendered":"PM fecha bar que descumprida medidas sanit\u00e1rias em Serra Branca"},"content":{"rendered":"\n<p>Por volta das 19h35min, do dia 10 de maio, durante uma opera\u00e7\u00e3o realizada, a Pol\u00edcia Militar, se deparou com um bar aberto no s\u00edtio Carmo, zona rural de Serra Branca.<\/p>\n\n\n\n<p>O bar estava em funcionamento, e com uma aglomera\u00e7\u00e3o de pessoas bebendo. O dono do Bar de 42 anos de idade foi conduzido a delegacia de Pol\u00edcia Civil para serem tomadas as medidas cab\u00edveis tendo em vista estar contrariando o decreto em vig\u00eancia que trata das medidas sanit\u00e1rias.<\/p>\n","protected":false},"excerpt":{"rendered":"<p>Por volta das 19h35min, do dia 10 de maio, durante uma opera\u00e7\u00e3o realizada, a Pol\u00edcia Militar, se deparou com um bar aberto no s\u00edtio Carmo,&hellip; <\/p>\n","protected":false},"author":1,"featured_media":164670,"comment_status":"closed","ping_status":"closed","sticky":false,"template":"","format":"standard","meta":{"sfsi_plus_gutenberg_text_before_share":"","sfsi_plus_gutenberg_show_text_before_share":"","sfsi_plus_gutenberg_icon_type":"","sfsi_plus_gutenberg_icon_alignemt":"","sfsi_plus_gutenburg_max_per_row":"","footnotes":""},"categories":[6,12],"tags":[],"class_list":["post-168759","post","type-post","status-publish","format-standard","has-post-thumbnail","hentry","category-cidades","category-policia"],"_links":{"self":[{"href":"https:\/\/www.caririemacao.com\/1\/wp-json\/wp\/v2\/posts\/168759","targetHints":{"allow":["GET"]}}],"collection":[{"href":"https:\/\/www.caririemacao.com\/1\/wp-json\/wp\/v2\/posts"}],"about":[{"href":"https:\/\/www.caririemacao.com\/1\/wp-json\/wp\/v2\/types\/post"}],"author":[{"embeddable":true,"href":"https:\/\/www.caririemacao.com\/1\/wp-json\/wp\/v2\/users\/1"}],"replies":[{"embeddable":true,"href":"https:\/\/www.caririemacao.com\/1\/wp-json\/wp\/v2\/comments?post=168759"}],"version-history":[{"count":1,"href":"https:\/\/www.caririemacao.com\/1\/wp-json\/wp\/v2\/posts\/168759\/revisions"}],"predecessor-version":[{"id":168763,"href":"https:\/\/www.caririemacao.com\/1\/wp-json\/wp\/v2\/posts\/168759\/revisions\/168763"}],"wp:featuredmedia":[{"embeddable":true,"href":"https:\/\/www.caririemacao.com\/1\/wp-json\/wp\/v2\/media\/164670"}],"wp:attachment":[{"href":"https:\/\/www.caririemacao.com\/1\/wp-json\/wp\/v2\/media?parent=168759"}],"wp:term":[{"taxonomy":"category","embeddable":true,"href":"https:\/\/www.caririemacao.com\/1\/wp-json\/wp\/v2\/categories?post=168759"},{"taxonomy":"post_tag","embeddable":true,"href":"https:\/\/www.caririemacao.com\/1\/wp-json\/wp\/v2\/tags?post=168759"}],"curies":[{"name":"wp","href":"https:\/\/api.w.org\/{rel}","templated":true}]}}