{"id":16876,"date":"2017-03-30T08:38:11","date_gmt":"2017-03-30T11:38:11","guid":{"rendered":"http:\/\/caririemacao.com\/1\/?p=16876"},"modified":"2017-03-30T08:38:11","modified_gmt":"2017-03-30T11:38:11","slug":"escola-juarez-maracaja-faz-entrega-de-agendas-para-alunos-e-inicia-criacao-de-gremio-estudantil","status":"publish","type":"post","link":"https:\/\/www.caririemacao.com\/1\/2017\/03\/30\/escola-juarez-maracaja-faz-entrega-de-agendas-para-alunos-e-inicia-criacao-de-gremio-estudantil\/","title":{"rendered":"Escola Juarez Maracaj\u00e1 faz entrega de agendas para alunos e inicia cria\u00e7\u00e3o de Gr\u00eamio Estudantil"},"content":{"rendered":"<p>Na \u00faltima semana, a Escola Estadual Juarez Maracaj\u00e1, sediada no munic\u00edpio de Gurj\u00e3o, realizou a entrega de agendas para alunos daquele educand\u00e1rio.<\/p>\n<p style=\"text-align: center;\"><a href=\"http:\/\/caririemacao.com\/1\/wp-content\/uploads\/2017\/03\/5f51657e-38ba-4141-b5ab-7b246c760c5a.jpg\"><img fetchpriority=\"high\" decoding=\"async\" class=\"aligncenter wp-image-16878 size-large\" src=\"http:\/\/caririemacao.com\/1\/wp-content\/uploads\/2017\/03\/5f51657e-38ba-4141-b5ab-7b246c760c5a-1024x576.jpg\" alt=\"5f51657e-38ba-4141-b5ab-7b246c760c5a\" width=\"800\" height=\"450\" srcset=\"https:\/\/www.caririemacao.com\/1\/wp-content\/uploads\/2017\/03\/5f51657e-38ba-4141-b5ab-7b246c760c5a-1024x576.jpg 1024w, https:\/\/www.caririemacao.com\/1\/wp-content\/uploads\/2017\/03\/5f51657e-38ba-4141-b5ab-7b246c760c5a-300x169.jpg 300w, https:\/\/www.caririemacao.com\/1\/wp-content\/uploads\/2017\/03\/5f51657e-38ba-4141-b5ab-7b246c760c5a-768x432.jpg 768w, https:\/\/www.caririemacao.com\/1\/wp-content\/uploads\/2017\/03\/5f51657e-38ba-4141-b5ab-7b246c760c5a.jpg 1032w\" sizes=\"(max-width: 800px) 100vw, 800px\" \/><\/a><\/p>\n<p>O diretor Z\u00e9 Fl\u00e1vio disse que essa \u00e9 mais uma a\u00e7\u00e3o de sua gest\u00e3o e que v\u00e1rios outros projetos est\u00e3o sendo planejados junto com toda a diretoria e professores para oferecer o melhor ao corpo docente.<\/p>\n<p><a href=\"http:\/\/caririemacao.com\/1\/wp-content\/uploads\/2017\/03\/WhatsApp-Image-2017-03-23-at-5.03.04-PM.jpeg\"><img decoding=\"async\" class=\"aligncenter wp-image-16877 size-large lazyload\" data-src=\"http:\/\/caririemacao.com\/1\/wp-content\/uploads\/2017\/03\/WhatsApp-Image-2017-03-23-at-5.03.04-PM-1024x768.jpeg\" alt=\"WhatsApp Image 2017-03-23 at 5.03.04 PM\" width=\"800\" height=\"600\" data-srcset=\"https:\/\/www.caririemacao.com\/1\/wp-content\/uploads\/2017\/03\/WhatsApp-Image-2017-03-23-at-5.03.04-PM-1024x768.jpeg 1024w, https:\/\/www.caririemacao.com\/1\/wp-content\/uploads\/2017\/03\/WhatsApp-Image-2017-03-23-at-5.03.04-PM-300x225.jpeg 300w, https:\/\/www.caririemacao.com\/1\/wp-content\/uploads\/2017\/03\/WhatsApp-Image-2017-03-23-at-5.03.04-PM-768x576.jpeg 768w, https:\/\/www.caririemacao.com\/1\/wp-content\/uploads\/2017\/03\/WhatsApp-Image-2017-03-23-at-5.03.04-PM.jpeg 1280w\" data-sizes=\"(max-width: 800px) 100vw, 800px\" src=\"data:image\/svg+xml;base64,PHN2ZyB3aWR0aD0iMSIgaGVpZ2h0PSIxIiB4bWxucz0iaHR0cDovL3d3dy53My5vcmcvMjAwMC9zdmciPjwvc3ZnPg==\" style=\"--smush-placeholder-width: 800px; --smush-placeholder-aspect-ratio: 800\/600;\" \/><\/a><\/p>\n<p>Ele tamb\u00e9m destacou a import\u00e2ncia da presen\u00e7a do coordenador esportivo da 5\u00aa Ger\u00eancia Regional de Educa\u00e7\u00e3o, professor Jos\u00e9 Edilson Caetano de Lima (Dica), que visitou a escola para junto com os alunos, professores, funcion\u00e1rios e o diretor Z\u00e9 Fl\u00e1vio criar o &#8220;GR\u00caMIO ESTUDANTIL&#8221; da EEEFM Juarez Maracaj\u00e1.<\/p>\n<p><a href=\"http:\/\/caririemacao.com\/1\/wp-content\/uploads\/2017\/03\/41bfed47-d908-479e-b7da-b7adfeb8c562.jpg\"><img decoding=\"async\" class=\"aligncenter wp-image-16880 size-large lazyload\" data-src=\"http:\/\/caririemacao.com\/1\/wp-content\/uploads\/2017\/03\/41bfed47-d908-479e-b7da-b7adfeb8c562-1024x576.jpg\" alt=\"41bfed47-d908-479e-b7da-b7adfeb8c562\" width=\"800\" height=\"450\" data-srcset=\"https:\/\/www.caririemacao.com\/1\/wp-content\/uploads\/2017\/03\/41bfed47-d908-479e-b7da-b7adfeb8c562-1024x576.jpg 1024w, https:\/\/www.caririemacao.com\/1\/wp-content\/uploads\/2017\/03\/41bfed47-d908-479e-b7da-b7adfeb8c562-300x169.jpg 300w, https:\/\/www.caririemacao.com\/1\/wp-content\/uploads\/2017\/03\/41bfed47-d908-479e-b7da-b7adfeb8c562-768x432.jpg 768w, https:\/\/www.caririemacao.com\/1\/wp-content\/uploads\/2017\/03\/41bfed47-d908-479e-b7da-b7adfeb8c562.jpg 1032w\" data-sizes=\"(max-width: 800px) 100vw, 800px\" src=\"data:image\/svg+xml;base64,PHN2ZyB3aWR0aD0iMSIgaGVpZ2h0PSIxIiB4bWxucz0iaHR0cDovL3d3dy53My5vcmcvMjAwMC9zdmciPjwvc3ZnPg==\" style=\"--smush-placeholder-width: 800px; --smush-placeholder-aspect-ratio: 800\/450;\" \/><\/a><\/p>\n<p>\u201cQueremos que nossa gest\u00e3o seja compartilhada com todos desse educand\u00e1rio\u201d, enfatizou o diretor.<\/p>\n<p><strong>CARIRI EM A\u00c7\u00c3O<\/strong><\/p>\n<p><strong>Leia mais not\u00edcias em\u00a0<\/strong><a href=\"http:\/\/www.caririemacao.com\/\"><strong>caririemacao.com<\/strong><\/a><strong>, siga nossa p\u00e1gina no<\/strong><a href=\"https:\/\/www.facebook.com\/CaririEmAcao\/\"><strong>\u00a0Facebook<\/strong><\/a><strong>\u00a0e\u00a0<a href=\"https:\/\/www.instagram.com\/cariri_em_acao\/?hl=pt-br\">Instagram<\/a>\u00a0veja nossas mat\u00e9rias e fotos. Voc\u00ea tamb\u00e9m pode enviar informa\u00e7\u00f5es \u00e0 Reda\u00e7\u00e3o do Portal Cariri em A\u00e7\u00e3o pelo WhatsApp (83) 9 9634.5791, (83) 9 9601-1162 ou (83).<\/strong><\/p>\n","protected":false},"excerpt":{"rendered":"<p>Na \u00faltima semana, a Escola Estadual Juarez Maracaj\u00e1, sediada no munic\u00edpio de Gurj\u00e3o, realizou a entrega de agendas para alunos daquele educand\u00e1rio. O diretor Z\u00e9&hellip; <\/p>\n","protected":false},"author":2,"featured_media":16881,"comment_status":"closed","ping_status":"closed","sticky":false,"template":"","format":"standard","meta":{"sfsi_plus_gutenberg_text_before_share":"","sfsi_plus_gutenberg_show_text_before_share":"","sfsi_plus_gutenberg_icon_type":"","sfsi_plus_gutenberg_icon_alignemt":"","sfsi_plus_gutenburg_max_per_row":"","footnotes":""},"categories":[2],"tags":[],"class_list":["post-16876","post","type-post","status-publish","format-standard","has-post-thumbnail","hentry","category-geral"],"_links":{"self":[{"href":"https:\/\/www.caririemacao.com\/1\/wp-json\/wp\/v2\/posts\/16876","targetHints":{"allow":["GET"]}}],"collection":[{"href":"https:\/\/www.caririemacao.com\/1\/wp-json\/wp\/v2\/posts"}],"about":[{"href":"https:\/\/www.caririemacao.com\/1\/wp-json\/wp\/v2\/types\/post"}],"author":[{"embeddable":true,"href":"https:\/\/www.caririemacao.com\/1\/wp-json\/wp\/v2\/users\/2"}],"replies":[{"embeddable":true,"href":"https:\/\/www.caririemacao.com\/1\/wp-json\/wp\/v2\/comments?post=16876"}],"version-history":[{"count":0,"href":"https:\/\/www.caririemacao.com\/1\/wp-json\/wp\/v2\/posts\/16876\/revisions"}],"wp:featuredmedia":[{"embeddable":true,"href":"https:\/\/www.caririemacao.com\/1\/wp-json\/wp\/v2\/media\/16881"}],"wp:attachment":[{"href":"https:\/\/www.caririemacao.com\/1\/wp-json\/wp\/v2\/media?parent=16876"}],"wp:term":[{"taxonomy":"category","embeddable":true,"href":"https:\/\/www.caririemacao.com\/1\/wp-json\/wp\/v2\/categories?post=16876"},{"taxonomy":"post_tag","embeddable":true,"href":"https:\/\/www.caririemacao.com\/1\/wp-json\/wp\/v2\/tags?post=16876"}],"curies":[{"name":"wp","href":"https:\/\/api.w.org\/{rel}","templated":true}]}}