{"id":168764,"date":"2020-05-11T08:32:27","date_gmt":"2020-05-11T11:32:27","guid":{"rendered":"https:\/\/www.caririemacao.com\/1\/?p=168764"},"modified":"2020-05-11T08:32:27","modified_gmt":"2020-05-11T11:32:27","slug":"governo-distribui-mais-452-mil-testes-para-todos-os-municipios-da-paraiba","status":"publish","type":"post","link":"https:\/\/www.caririemacao.com\/1\/2020\/05\/11\/governo-distribui-mais-452-mil-testes-para-todos-os-municipios-da-paraiba\/","title":{"rendered":"Governo distribui mais 45,2 mil testes para todos os munic\u00edpios da Para\u00edba"},"content":{"rendered":"\n<h1 class=\"wp-block-heading\"><\/h1>\n\n\n\n<p>O Governo da Para\u00edba, por meio da Secretaria de Estado da Sa\u00fade (SES), come\u00e7a a distribuir a terceira remessa de testes r\u00e1pidos a serem aplicados na popula\u00e7\u00e3o dos 223 munic\u00edpios. As entregas das 45,285 mil unidades ser\u00e3o feitas nesta segunda (11) e na ter\u00e7a-feira (12).<\/p>\n\n\n\n<p>Para esta semana, a Secretaria aguarda a chegada de mais 110 mil novos testes. Esse novo lote faz parte das 210 mil unidades de testes r\u00e1pidos que o Governo do Estado adquiriu, sendo 30% pagos com recursos encaminhados pelo Minist\u00e9rio da Sa\u00fade para o combate \u00e0 Covid-19.<\/p>\n\n\n\n<p>De acordo com a secretaria executiva de Sa\u00fade da Para\u00edba, Renata N\u00f3brega, s\u00e3o dois tipos de testes r\u00e1pidos que s\u00e3o encaminhados para os munic\u00edpios: o SARS-CoV-2 Antibodytest direcionados para os profissionais da sa\u00fade, seguran\u00e7a p\u00fablica, familiares sintom\u00e1ticos, popula\u00e7\u00e3o idosa com diagn\u00f3stico de s\u00edndrome gripal; e o Kit MedTestCoronavirus ( Covid-19) IgG\/IgM, direcionado para o restante da popula\u00e7\u00e3o. Renata explica que, junto com os kits, a SES est\u00e1 enviando uma Nota T\u00e9cnica com recomenda\u00e7\u00f5es de uso e sugest\u00e3o de estrat\u00e9gia de testagem.<\/p>\n\n\n\n<p>Seguindo orienta\u00e7\u00f5es do Guia da Vigil\u00e2ncia Epidemiol\u00f3gica, os testes devem ser usados como uma ferramenta para aux\u00edlio do diagn\u00f3stico da Covid-19. S\u00e3o testes qualitativos para triagem e aux\u00edlio diagn\u00f3stico, por\u00e9m apresentam limita\u00e7\u00f5es e a principal delas \u00e9 que precisa ser realizado, de forma geral, a partir do 10\u00ba (d\u00e9cimo) dia do in\u00edcio dos sintomas para testes SARS-CoV-2 Antibodytest e a partir do 8\u00ba (oitavo) dia do in\u00edcio dos sintomas para os testes Kit MedTestCoronavirus ( Covid-19) IgG\/IgM. \u00c9 necess\u00e1rio que o caso suspeito ou contato de caso confirmado de Covid-19 espere esse tempo para que o sistema imunol\u00f3gico possa produzir anticorpos em quantidade suficiente para ser detectado pelo teste.<\/p>\n\n\n\n<p>\u201cEssa a\u00e7\u00e3o \u00e9 direcionada para quem realmente teve a gripe e tem por objetivo alcan\u00e7ar a metodologia que o teste r\u00e1pido prop\u00f5e que \u00e9 testar quem apresentou sintomatologia, para que a resposta de positividade tenha um melhor alcance nessa popula\u00e7\u00e3o\u201d, explica Renata N\u00f3brega. Ela alerta aos munic\u00edpios que todo usu\u00e1rio testado deve ter registro de sua notifica\u00e7\u00e3o com resultado do exame preenchido e digitado no sistema e-SUSVE.<\/p>\n\n\n\n<p>Para a distribui\u00e7\u00e3o das unidades com os munic\u00edpios, a SES seguiu alguns crit\u00e9rios como o n\u00famero de fichas e-SUS VE abertas no sistema por munic\u00edpio de resid\u00eancia, o n\u00famero de idosos positivos para Covid-19 nos territ\u00f3rios onde se concentram o maior n\u00famero de casos positivos e os munic\u00edpios que ainda n\u00e3o estavam com testes dispon\u00edveis em seu territ\u00f3rio para os profissionais de sa\u00fade e seguran\u00e7a.<\/p>\n\n\n\n<p>A secret\u00e1ria executiva afirma ainda que a SES recomendou aos munic\u00edpios a seguir as notas t\u00e9cnicas j\u00e1 divulgadas para execu\u00e7\u00e3o de cada teste, respeitando a data do in\u00edcio dos sintomas e de utilizar de estrat\u00e9gias para testar, prioritariamente, aqueles casos que j\u00e1 est\u00e3o no sistema e-SUSVE sem exames. A amplia\u00e7\u00e3o da testagem na popula\u00e7\u00e3o \u00e9 fundamental para tra\u00e7ar o perfil epidemiol\u00f3gico do Estado e auxiliar na tomada de decis\u00e3o voltada ao enfrentamento da pandemia.<\/p>\n","protected":false},"excerpt":{"rendered":"<p>O Governo da Para\u00edba, por meio da Secretaria de Estado da Sa\u00fade (SES), come\u00e7a a distribuir a terceira remessa de testes r\u00e1pidos a serem aplicados&hellip; <\/p>\n","protected":false},"author":2,"featured_media":168765,"comment_status":"closed","ping_status":"closed","sticky":false,"template":"","format":"standard","meta":{"sfsi_plus_gutenberg_text_before_share":"","sfsi_plus_gutenberg_show_text_before_share":"","sfsi_plus_gutenberg_icon_type":"","sfsi_plus_gutenberg_icon_alignemt":"","sfsi_plus_gutenburg_max_per_row":"","footnotes":""},"categories":[2],"tags":[],"class_list":["post-168764","post","type-post","status-publish","format-standard","has-post-thumbnail","hentry","category-geral"],"_links":{"self":[{"href":"https:\/\/www.caririemacao.com\/1\/wp-json\/wp\/v2\/posts\/168764","targetHints":{"allow":["GET"]}}],"collection":[{"href":"https:\/\/www.caririemacao.com\/1\/wp-json\/wp\/v2\/posts"}],"about":[{"href":"https:\/\/www.caririemacao.com\/1\/wp-json\/wp\/v2\/types\/post"}],"author":[{"embeddable":true,"href":"https:\/\/www.caririemacao.com\/1\/wp-json\/wp\/v2\/users\/2"}],"replies":[{"embeddable":true,"href":"https:\/\/www.caririemacao.com\/1\/wp-json\/wp\/v2\/comments?post=168764"}],"version-history":[{"count":1,"href":"https:\/\/www.caririemacao.com\/1\/wp-json\/wp\/v2\/posts\/168764\/revisions"}],"predecessor-version":[{"id":168766,"href":"https:\/\/www.caririemacao.com\/1\/wp-json\/wp\/v2\/posts\/168764\/revisions\/168766"}],"wp:featuredmedia":[{"embeddable":true,"href":"https:\/\/www.caririemacao.com\/1\/wp-json\/wp\/v2\/media\/168765"}],"wp:attachment":[{"href":"https:\/\/www.caririemacao.com\/1\/wp-json\/wp\/v2\/media?parent=168764"}],"wp:term":[{"taxonomy":"category","embeddable":true,"href":"https:\/\/www.caririemacao.com\/1\/wp-json\/wp\/v2\/categories?post=168764"},{"taxonomy":"post_tag","embeddable":true,"href":"https:\/\/www.caririemacao.com\/1\/wp-json\/wp\/v2\/tags?post=168764"}],"curies":[{"name":"wp","href":"https:\/\/api.w.org\/{rel}","templated":true}]}}