{"id":168770,"date":"2020-05-11T09:05:21","date_gmt":"2020-05-11T12:05:21","guid":{"rendered":"https:\/\/www.caririemacao.com\/1\/?p=168770"},"modified":"2020-05-11T09:05:21","modified_gmt":"2020-05-11T12:05:21","slug":"prefeitura-de-amparo-inicia-processo-de-roco-nas-estradas-das-comunidades-rurais-do-municipio","status":"publish","type":"post","link":"https:\/\/www.caririemacao.com\/1\/2020\/05\/11\/prefeitura-de-amparo-inicia-processo-de-roco-nas-estradas-das-comunidades-rurais-do-municipio\/","title":{"rendered":"Prefeitura de Amparo inicia processo de ro\u00e7o nas estradas das Comunidades Rurais do munic\u00edpio"},"content":{"rendered":"\n<p>A Prefeitura de Amparo deu inicio a ro\u00e7agem das estradas vicinais que interligam as comunidades rurais entre si, e \u00e0 sede do munic\u00edpio, beneficiando toda a popula\u00e7\u00e3o que precisa se deslocar por essas estradas.<\/p>\n\n\n\n<p>Na manh\u00e3 desta sexta-feira, 08, o Prefeito In\u00e1cio N\u00f3brega esteve ao lado do Vereador Duda Barnab\u00e9 acompanhando e conferindo como estava o andamento do trabalho.<\/p>\n\n\n\n<p>Uma grande equipe foi montada para poder agilizar o servi\u00e7o o mais r\u00e1pido poss\u00edvel, j\u00e1 que em alguns pontos est\u00e1 quase imposs\u00edvel a locomo\u00e7\u00e3o devido a quantidade de matos \u00e0s margem das estradas.<\/p>\n\n\n\n<p>Ainda segundo o prefeito Amparense, logo ap\u00f3s esse per\u00edodo chuvoso, todas as estradas ser\u00e3o recuperadas, e ap\u00f3s o ro\u00e7o, com o fim das chuvas, todas as estradas ser\u00e3o totalmente recuperadas.<\/p>\n\n\n\n<p>Com Amparo Ligado<\/p>\n","protected":false},"excerpt":{"rendered":"<p>A Prefeitura de Amparo deu inicio a ro\u00e7agem das estradas vicinais que interligam as comunidades rurais entre si, e \u00e0 sede do munic\u00edpio, beneficiando toda&hellip; <\/p>\n","protected":false},"author":2,"featured_media":168771,"comment_status":"closed","ping_status":"closed","sticky":false,"template":"","format":"standard","meta":{"sfsi_plus_gutenberg_text_before_share":"","sfsi_plus_gutenberg_show_text_before_share":"","sfsi_plus_gutenberg_icon_type":"","sfsi_plus_gutenberg_icon_alignemt":"","sfsi_plus_gutenburg_max_per_row":"","footnotes":""},"categories":[6],"tags":[],"class_list":["post-168770","post","type-post","status-publish","format-standard","has-post-thumbnail","hentry","category-cidades"],"_links":{"self":[{"href":"https:\/\/www.caririemacao.com\/1\/wp-json\/wp\/v2\/posts\/168770","targetHints":{"allow":["GET"]}}],"collection":[{"href":"https:\/\/www.caririemacao.com\/1\/wp-json\/wp\/v2\/posts"}],"about":[{"href":"https:\/\/www.caririemacao.com\/1\/wp-json\/wp\/v2\/types\/post"}],"author":[{"embeddable":true,"href":"https:\/\/www.caririemacao.com\/1\/wp-json\/wp\/v2\/users\/2"}],"replies":[{"embeddable":true,"href":"https:\/\/www.caririemacao.com\/1\/wp-json\/wp\/v2\/comments?post=168770"}],"version-history":[{"count":1,"href":"https:\/\/www.caririemacao.com\/1\/wp-json\/wp\/v2\/posts\/168770\/revisions"}],"predecessor-version":[{"id":168772,"href":"https:\/\/www.caririemacao.com\/1\/wp-json\/wp\/v2\/posts\/168770\/revisions\/168772"}],"wp:featuredmedia":[{"embeddable":true,"href":"https:\/\/www.caririemacao.com\/1\/wp-json\/wp\/v2\/media\/168771"}],"wp:attachment":[{"href":"https:\/\/www.caririemacao.com\/1\/wp-json\/wp\/v2\/media?parent=168770"}],"wp:term":[{"taxonomy":"category","embeddable":true,"href":"https:\/\/www.caririemacao.com\/1\/wp-json\/wp\/v2\/categories?post=168770"},{"taxonomy":"post_tag","embeddable":true,"href":"https:\/\/www.caririemacao.com\/1\/wp-json\/wp\/v2\/tags?post=168770"}],"curies":[{"name":"wp","href":"https:\/\/api.w.org\/{rel}","templated":true}]}}