{"id":168774,"date":"2020-05-11T09:29:34","date_gmt":"2020-05-11T12:29:34","guid":{"rendered":"https:\/\/www.caririemacao.com\/1\/?p=168774"},"modified":"2020-05-11T09:29:34","modified_gmt":"2020-05-11T12:29:34","slug":"presidente-jair-bolsonaro-vou-sair-em-1o-de-janeiro-de-2027","status":"publish","type":"post","link":"https:\/\/www.caririemacao.com\/1\/2020\/05\/11\/presidente-jair-bolsonaro-vou-sair-em-1o-de-janeiro-de-2027\/","title":{"rendered":"Presidente Jair Bolsonaro: \u201cVou sair em 1\u00ba de janeiro de 2027\u201d"},"content":{"rendered":"\n<p>Confrontado sobre a possibilidade de ren\u00fancia ou impeachment, o presidente Jair Bolsonaro (sem partido) disse que vai sair do Pal\u00e1cio do Planalto somente em 1\u00ba de janeiro de 2027, sugerindo que ser\u00e1 reeleito em 2022.<\/p>\n\n\n\n<p>Bolsonaro n\u00e3o quis falar com a imprensa neste domingo (10), mas conversou com apoiadores em frente ao Pal\u00e1cio da Alvorada, resid\u00eancia oficial do presidente.<\/p>\n\n\n\n<p>Em meio ao p\u00fablico, um dos visitantes afirmou: a \u201cdemocracia pede sua ren\u00fancia ou impeachment\u201d. Surpreso com a declara\u00e7\u00e3o, o presidente disse: \u201cVou sair em 1\u00ba de janeiro de 2027\u201d.<\/p>\n\n\n\n<p>Pedidos de impeachment de Bolsonaro foram apresentados \u00e0 C\u00e2mara, mas o presidente da Casa, Rodrigo Maia (DEM-RJ), ainda n\u00e3o deu decidiu sobre isso.<\/p>\n\n\n\n<p>Bolsonaro esteve em evento para revela\u00e7\u00e3o do sexo do filho de Eduardo Bolsonaro, deputado federal do PSL por S\u00e3o Paulo, e Helo\u00edsa Wolf.<\/p>\n\n\n\n<p>Nas redes sociais, Eduardo publicou um v\u00eddeo, no qual ele usa uma arma para estourar um bal\u00e3o, que revelou a cor rosa, indicativo de sexo feminino.<\/p>\n\n\n\n<p>Ap\u00f3s o evento, Bolsonaro retornou ao Pal\u00e1cio da Alvorada. Questionado por alguns apoiadores sobre qual o sexo da futura neta, o presidente disse que n\u00e3o responderia para n\u00e3o gerar pol\u00eamica.<\/p>\n","protected":false},"excerpt":{"rendered":"<p>Confrontado sobre a possibilidade de ren\u00fancia ou impeachment, o presidente Jair Bolsonaro (sem partido) disse que vai sair do Pal\u00e1cio do Planalto somente em 1\u00ba&hellip; <\/p>\n","protected":false},"author":2,"featured_media":168409,"comment_status":"closed","ping_status":"closed","sticky":false,"template":"","format":"standard","meta":{"sfsi_plus_gutenberg_text_before_share":"","sfsi_plus_gutenberg_show_text_before_share":"","sfsi_plus_gutenberg_icon_type":"","sfsi_plus_gutenberg_icon_alignemt":"","sfsi_plus_gutenburg_max_per_row":"","footnotes":""},"categories":[11],"tags":[],"class_list":["post-168774","post","type-post","status-publish","format-standard","has-post-thumbnail","hentry","category-politica"],"_links":{"self":[{"href":"https:\/\/www.caririemacao.com\/1\/wp-json\/wp\/v2\/posts\/168774","targetHints":{"allow":["GET"]}}],"collection":[{"href":"https:\/\/www.caririemacao.com\/1\/wp-json\/wp\/v2\/posts"}],"about":[{"href":"https:\/\/www.caririemacao.com\/1\/wp-json\/wp\/v2\/types\/post"}],"author":[{"embeddable":true,"href":"https:\/\/www.caririemacao.com\/1\/wp-json\/wp\/v2\/users\/2"}],"replies":[{"embeddable":true,"href":"https:\/\/www.caririemacao.com\/1\/wp-json\/wp\/v2\/comments?post=168774"}],"version-history":[{"count":1,"href":"https:\/\/www.caririemacao.com\/1\/wp-json\/wp\/v2\/posts\/168774\/revisions"}],"predecessor-version":[{"id":168775,"href":"https:\/\/www.caririemacao.com\/1\/wp-json\/wp\/v2\/posts\/168774\/revisions\/168775"}],"wp:featuredmedia":[{"embeddable":true,"href":"https:\/\/www.caririemacao.com\/1\/wp-json\/wp\/v2\/media\/168409"}],"wp:attachment":[{"href":"https:\/\/www.caririemacao.com\/1\/wp-json\/wp\/v2\/media?parent=168774"}],"wp:term":[{"taxonomy":"category","embeddable":true,"href":"https:\/\/www.caririemacao.com\/1\/wp-json\/wp\/v2\/categories?post=168774"},{"taxonomy":"post_tag","embeddable":true,"href":"https:\/\/www.caririemacao.com\/1\/wp-json\/wp\/v2\/tags?post=168774"}],"curies":[{"name":"wp","href":"https:\/\/api.w.org\/{rel}","templated":true}]}}