{"id":168780,"date":"2020-05-11T10:24:19","date_gmt":"2020-05-11T13:24:19","guid":{"rendered":"https:\/\/www.caririemacao.com\/1\/?p=168780"},"modified":"2020-05-11T10:30:30","modified_gmt":"2020-05-11T13:30:30","slug":"pastor-emite-nota-esclarecendo-operacao-realizada-pela-pm-em-uma-igreja-em-amparo","status":"publish","type":"post","link":"https:\/\/www.caririemacao.com\/1\/2020\/05\/11\/pastor-emite-nota-esclarecendo-operacao-realizada-pela-pm-em-uma-igreja-em-amparo\/","title":{"rendered":"Pastor emite nota esclarecendo opera\u00e7\u00e3o realizada pela PM em uma Igreja em Amparo"},"content":{"rendered":"\n<p>O pastor da Igreja Batista na cidade de Amparo, o senhor Jader Medeiros, ap\u00f3s divulga\u00e7\u00e3o de uma opera\u00e7\u00e3o realizada na igreja, emitiu uma nota esclarecendo os fatos e falando que o realmente aconteceu no local.<\/p>\n\n\n\n<p>Segundo o pastor Jader, o fato ocorreu na noite deste domingo, dia 10, durante o Culto semipresencial e on-line, quando recebeu a visita da Pol\u00edcia Militar para averiguar den\u00fancia caluniosa feita \u00e0 Secretaria de Sa\u00fade do Munic\u00edpio.<\/p>\n\n\n\n<p>NOTA OFICIAL DE ESCLARECIMENTO<\/p>\n\n\n\n<p>1 O Culto n\u00e3o foi interrompido e seguiu normalmente.<\/p>\n\n\n\n<p>2 A Igreja mant\u00e9m seus cultos reduzidos e com menos de 1\/3 da capacidade da Capela. Ou seja, sem Aglomera\u00e7\u00e3o.<\/p>\n\n\n\n<p>3 Somente membros e congregados que n\u00e3o fazem parte do grupo de risco podem participar do Culto.<\/p>\n\n\n\n<p>4 Ao contr\u00e1rio da EQUIPE DA SECRETARIA DE SA\u00daDE que fez aglomera\u00e7\u00e3o na frente da Igreja e teve de ser advertida pelo pastor para se afastarem uns dos outros, todos que n\u00e3o s\u00e3o da mesma casa e participam do culto sentam de maneira alternada nas cadeiras garantindo assim o distanciamento social.<\/p>\n\n\n\n<figure class=\"wp-block-image size-large\"><img fetchpriority=\"high\" decoding=\"async\" width=\"768\" height=\"1024\" src=\"https:\/\/www.caririemacao.com\/1\/wp-content\/uploads\/2020\/05\/IMG-20200511-WA0056-768x1024.jpg\" alt=\"\" class=\"wp-image-168785\" srcset=\"https:\/\/www.caririemacao.com\/1\/wp-content\/uploads\/2020\/05\/IMG-20200511-WA0056-768x1024.jpg 768w, https:\/\/www.caririemacao.com\/1\/wp-content\/uploads\/2020\/05\/IMG-20200511-WA0056-225x300.jpg 225w, https:\/\/www.caririemacao.com\/1\/wp-content\/uploads\/2020\/05\/IMG-20200511-WA0056.jpg 960w\" sizes=\"(max-width: 768px) 100vw, 768px\" \/><\/figure>\n\n\n\n<p>5 Todos que entram na Capela primeiro higienizam suas m\u00e3os com \u00e1lcool em gel na entrada e fazem o mesmo na sa\u00edda.<\/p>\n\n\n\n<p>6 Ap\u00f3s a obriga\u00e7\u00e3o dada pelo Estado de que \u00f3rg\u00e3os de servi\u00e7o devem usar, s\u00f3 \u00e9 permitida a entrada de quem estiver usando m\u00e1scaras. No momento da visita, todos estavam usando o equipamento de prote\u00e7\u00e3o. Inclusive antes do culto come\u00e7ar uma fam\u00edlia voltou pois o pastor n\u00e3o permitiu a entrada porque eles estavam sem o EPI. A Igreja ainda ofereceu comprar para esta fam\u00edlia mas n\u00e3o tinha onde no momento. Lament\u00e1vel que a Secretaria de Sa\u00fade n\u00e3o doe m\u00e1scaras para quem precisa. Mas n\u00f3s continuaremos doando n\u00e3o apenas m\u00e1scaras como cestas b\u00e1sicas.<\/p>\n\n\n\n<p>7 A Igreja \u00e9 considerada Servi\u00e7o Essencial em meio \u00e0 Pandemia por decreto federal e segue rigorosamente \u00e0s medidas de seguran\u00e7a.<\/p>\n\n\n\n<p>8 N\u00e3o s\u00e3o permitidas sauda\u00e7\u00f5es de contato f\u00edsico dentro da Capela.<\/p>\n\n\n\n<p>9 Todos os fatos acima foram constatados pela pol\u00edcia que em nenhum momento interrompeu o Culto que seguia e continuou seguindo normalmente.<\/p>\n\n\n\n<p>10 A quem den\u00fancia cabe o \u00f4nus da prova. Do contr\u00e1rio, cabe processo por defama\u00e7\u00e3o e cal\u00fania.<\/p>\n\n\n\n<p>Por \u00faltimo dizemos que oramos para que tudo isso passe o quanto antes e nossos membros que fazem parte do grupo de risco e voc\u00ea que n\u00e3o \u00e9 membro possam finalmente estar conosco e n\u00e3o mais apenas pela internet.<\/p>\n\n\n\n<p>&#8220;N\u00e3o dar\u00e1s falso testemunho contra o teu pr\u00f3ximo. \u00caxodo 20.16<\/p>\n\n\n\n<p>Pr. Jader Medeiros.<\/p>\n","protected":false},"excerpt":{"rendered":"<p>O pastor da Igreja Batista na cidade de Amparo, o senhor Jader Medeiros, ap\u00f3s divulga\u00e7\u00e3o de uma opera\u00e7\u00e3o realizada na igreja, emitiu uma nota esclarecendo&hellip; <\/p>\n","protected":false},"author":2,"featured_media":168783,"comment_status":"closed","ping_status":"closed","sticky":false,"template":"","format":"standard","meta":{"sfsi_plus_gutenberg_text_before_share":"","sfsi_plus_gutenberg_show_text_before_share":"","sfsi_plus_gutenberg_icon_type":"","sfsi_plus_gutenberg_icon_alignemt":"","sfsi_plus_gutenburg_max_per_row":"","footnotes":""},"categories":[50,2],"tags":[],"class_list":["post-168780","post","type-post","status-publish","format-standard","has-post-thumbnail","hentry","category-destaque","category-geral"],"_links":{"self":[{"href":"https:\/\/www.caririemacao.com\/1\/wp-json\/wp\/v2\/posts\/168780","targetHints":{"allow":["GET"]}}],"collection":[{"href":"https:\/\/www.caririemacao.com\/1\/wp-json\/wp\/v2\/posts"}],"about":[{"href":"https:\/\/www.caririemacao.com\/1\/wp-json\/wp\/v2\/types\/post"}],"author":[{"embeddable":true,"href":"https:\/\/www.caririemacao.com\/1\/wp-json\/wp\/v2\/users\/2"}],"replies":[{"embeddable":true,"href":"https:\/\/www.caririemacao.com\/1\/wp-json\/wp\/v2\/comments?post=168780"}],"version-history":[{"count":4,"href":"https:\/\/www.caririemacao.com\/1\/wp-json\/wp\/v2\/posts\/168780\/revisions"}],"predecessor-version":[{"id":168787,"href":"https:\/\/www.caririemacao.com\/1\/wp-json\/wp\/v2\/posts\/168780\/revisions\/168787"}],"wp:featuredmedia":[{"embeddable":true,"href":"https:\/\/www.caririemacao.com\/1\/wp-json\/wp\/v2\/media\/168783"}],"wp:attachment":[{"href":"https:\/\/www.caririemacao.com\/1\/wp-json\/wp\/v2\/media?parent=168780"}],"wp:term":[{"taxonomy":"category","embeddable":true,"href":"https:\/\/www.caririemacao.com\/1\/wp-json\/wp\/v2\/categories?post=168780"},{"taxonomy":"post_tag","embeddable":true,"href":"https:\/\/www.caririemacao.com\/1\/wp-json\/wp\/v2\/tags?post=168780"}],"curies":[{"name":"wp","href":"https:\/\/api.w.org\/{rel}","templated":true}]}}