{"id":168790,"date":"2020-05-11T10:54:26","date_gmt":"2020-05-11T13:54:26","guid":{"rendered":"https:\/\/www.caririemacao.com\/1\/?p=168790"},"modified":"2020-05-11T10:54:26","modified_gmt":"2020-05-11T13:54:26","slug":"congo-registra-mais-um-caso-de-covid-19-e-14-pessoas-que-tiveram-contato-com-paciente-estao-sob-investigacao-da-doenca","status":"publish","type":"post","link":"https:\/\/www.caririemacao.com\/1\/2020\/05\/11\/congo-registra-mais-um-caso-de-covid-19-e-14-pessoas-que-tiveram-contato-com-paciente-estao-sob-investigacao-da-doenca\/","title":{"rendered":"Congo registra mais um caso de Covid-19 e 14 pessoas que tiveram contato com paciente est\u00e3o sob investiga\u00e7\u00e3o da doen\u00e7a"},"content":{"rendered":"\n<div class=\"wp-block-image\"><figure class=\"aligncenter\"><img decoding=\"async\" data-src=\"http:\/\/deolhonocariri.com.br\/wp-content\/uploads\/2019\/01\/congo_n10.jpg\" alt=\"\" class=\"wp-image-61571 lazyload\" src=\"data:image\/svg+xml;base64,PHN2ZyB3aWR0aD0iMSIgaGVpZ2h0PSIxIiB4bWxucz0iaHR0cDovL3d3dy53My5vcmcvMjAwMC9zdmciPjwvc3ZnPg==\" \/><\/figure><\/div>\n\n\n\n<p>A prefeitura do Congo atrav\u00e9s da Secretaria Municipal de Sa\u00fade divulgou na manh\u00e3 desta segunda-feira(11) o seu mais novo boletim epidemiol\u00f3gico na qual foi confirmado mais um caso de Covid-19 (novo coronav\u00edrus) no munic\u00edpio.<\/p>\n\n\n\n<p>O fato que acabou deixando o munic\u00edpio e toda a popula\u00e7\u00e3o em estado em alerta, foi que juntamente com o novo caso da doen\u00e7a confirmado, foram registrados 14 novos casos suspeitos do coronav\u00edrus de uma s\u00f3 vez, somando com os dois que j\u00e1 existiam no munic\u00edpio.<\/p>\n\n\n\n<p>Segundo o prefeito do munic\u00edpio, J\u00fanior Quirino, todos os casos, tanto o confirmado quanto os suspeitos, s\u00e3o comunicantes; pessoas que tiveram contato com um caso confirmado.<\/p>\n\n\n\n<p>O novo caso confirmado e os 16 suspeitos est\u00e3o em isolamento domiciliar. O munic\u00edpio j\u00e1 conta com 03 casos confirmados e um \u00f3bito, que foi a idosa de 84 anos que morreu na UTI, em Campina Grande.<\/p>\n\n\n\n<p>A Prefeitura do Congo pede que a popula\u00e7\u00e3o continue mantendo os cuidados e medidas de prote\u00e7\u00e3o e ao perceber sintomas procure o servi\u00e7o municipal de sa\u00fade.<\/p>\n\n\n\n<div class=\"wp-block-image\"><figure class=\"aligncenter\"><img decoding=\"async\" data-src=\"http:\/\/deolhonocariri.com.br\/wp-content\/uploads\/2020\/05\/95925372_3254789274745217_6917204852099514368_o.jpg\" alt=\"\" class=\"wp-image-82211 lazyload\" src=\"data:image\/svg+xml;base64,PHN2ZyB3aWR0aD0iMSIgaGVpZ2h0PSIxIiB4bWxucz0iaHR0cDovL3d3dy53My5vcmcvMjAwMC9zdmciPjwvc3ZnPg==\" \/><\/figure><\/div>\n\n\n\n<p><strong>De Olho no Cariri<\/strong><\/p>\n","protected":false},"excerpt":{"rendered":"<p>A prefeitura do Congo atrav\u00e9s da Secretaria Municipal de Sa\u00fade divulgou na manh\u00e3 desta segunda-feira(11) o seu mais novo boletim epidemiol\u00f3gico na qual foi confirmado&hellip; <\/p>\n","protected":false},"author":2,"featured_media":166384,"comment_status":"closed","ping_status":"closed","sticky":false,"template":"","format":"standard","meta":{"sfsi_plus_gutenberg_text_before_share":"","sfsi_plus_gutenberg_show_text_before_share":"","sfsi_plus_gutenberg_icon_type":"","sfsi_plus_gutenberg_icon_alignemt":"","sfsi_plus_gutenburg_max_per_row":"","footnotes":""},"categories":[2],"tags":[],"class_list":["post-168790","post","type-post","status-publish","format-standard","has-post-thumbnail","hentry","category-geral"],"_links":{"self":[{"href":"https:\/\/www.caririemacao.com\/1\/wp-json\/wp\/v2\/posts\/168790","targetHints":{"allow":["GET"]}}],"collection":[{"href":"https:\/\/www.caririemacao.com\/1\/wp-json\/wp\/v2\/posts"}],"about":[{"href":"https:\/\/www.caririemacao.com\/1\/wp-json\/wp\/v2\/types\/post"}],"author":[{"embeddable":true,"href":"https:\/\/www.caririemacao.com\/1\/wp-json\/wp\/v2\/users\/2"}],"replies":[{"embeddable":true,"href":"https:\/\/www.caririemacao.com\/1\/wp-json\/wp\/v2\/comments?post=168790"}],"version-history":[{"count":1,"href":"https:\/\/www.caririemacao.com\/1\/wp-json\/wp\/v2\/posts\/168790\/revisions"}],"predecessor-version":[{"id":168791,"href":"https:\/\/www.caririemacao.com\/1\/wp-json\/wp\/v2\/posts\/168790\/revisions\/168791"}],"wp:featuredmedia":[{"embeddable":true,"href":"https:\/\/www.caririemacao.com\/1\/wp-json\/wp\/v2\/media\/166384"}],"wp:attachment":[{"href":"https:\/\/www.caririemacao.com\/1\/wp-json\/wp\/v2\/media?parent=168790"}],"wp:term":[{"taxonomy":"category","embeddable":true,"href":"https:\/\/www.caririemacao.com\/1\/wp-json\/wp\/v2\/categories?post=168790"},{"taxonomy":"post_tag","embeddable":true,"href":"https:\/\/www.caririemacao.com\/1\/wp-json\/wp\/v2\/tags?post=168790"}],"curies":[{"name":"wp","href":"https:\/\/api.w.org\/{rel}","templated":true}]}}