{"id":168803,"date":"2020-05-11T12:04:39","date_gmt":"2020-05-11T15:04:39","guid":{"rendered":"https:\/\/www.caririemacao.com\/1\/?p=168803"},"modified":"2020-05-11T12:04:39","modified_gmt":"2020-05-11T15:04:39","slug":"r1-milhao-contra-o-covid-19-assembleia-legislativa-da-paraiba-decide-cortar-verbas-no-custeio-para-ajudar-no-combate-a-pandemia","status":"publish","type":"post","link":"https:\/\/www.caririemacao.com\/1\/2020\/05\/11\/r1-milhao-contra-o-covid-19-assembleia-legislativa-da-paraiba-decide-cortar-verbas-no-custeio-para-ajudar-no-combate-a-pandemia\/","title":{"rendered":"R$1 MILH\u00c3O CONTRA O COVID-19: Assembleia Legislativa da Para\u00edba decide cortar verbas no custeio para ajudar no combate a pandemia"},"content":{"rendered":"\n<p>A Assembleia Legislativa da Para\u00edba realiza sess\u00e3o extraordin\u00e1ria nesta segunda-feira (11) para analisar a institui\u00e7\u00e3o do Programa de Apoio do Poder Legislativo ao Enfrentamento do Coronav\u00edrus na Para\u00edba. Haver\u00e1 corte na verba indenizat\u00f3ria de apoio parlamentar (VIAP) e nas despesas de custeio da Casa, medidas que somadas totalizam R$ 1 milh\u00e3o que ser\u00e1 doado ao Estado para a\u00e7\u00f5es de enfrentamento \u00e0 Covid-19.<\/p>\n\n\n\n<p>A decis\u00e3o da ALPB ocorre ap\u00f3s pol\u00eamica provocada pelo aumento do valor da VIAP em meio \u00e0 pandemia do coronav\u00edrus. O valor passou de R$ 25 mil para R$ 40 mil. Anteriormente, durante uma sess\u00e3o remota em raz\u00e3o da quarentena do coronav\u00edrus, os deputados aprovaram um projeto que fixa uma doa\u00e7\u00e3o volunt\u00e1ria de R$ 500 de cada parlamentar para aquisi\u00e7\u00e3o de materiais sanit\u00e1rios e hospitalares para a preven\u00e7\u00e3o e combate \u00e0 pandemia causada pela Covid-19.<\/p>\n\n\n\n<p>Com Expresso PB<\/p>\n","protected":false},"excerpt":{"rendered":"<p>A Assembleia Legislativa da Para\u00edba realiza sess\u00e3o extraordin\u00e1ria nesta segunda-feira (11) para analisar a institui\u00e7\u00e3o do Programa de Apoio do Poder Legislativo ao Enfrentamento do&hellip; <\/p>\n","protected":false},"author":1,"featured_media":168804,"comment_status":"closed","ping_status":"closed","sticky":false,"template":"","format":"standard","meta":{"sfsi_plus_gutenberg_text_before_share":"","sfsi_plus_gutenberg_show_text_before_share":"","sfsi_plus_gutenberg_icon_type":"","sfsi_plus_gutenberg_icon_alignemt":"","sfsi_plus_gutenburg_max_per_row":"","footnotes":""},"categories":[50,2],"tags":[],"class_list":["post-168803","post","type-post","status-publish","format-standard","has-post-thumbnail","hentry","category-destaque","category-geral"],"_links":{"self":[{"href":"https:\/\/www.caririemacao.com\/1\/wp-json\/wp\/v2\/posts\/168803","targetHints":{"allow":["GET"]}}],"collection":[{"href":"https:\/\/www.caririemacao.com\/1\/wp-json\/wp\/v2\/posts"}],"about":[{"href":"https:\/\/www.caririemacao.com\/1\/wp-json\/wp\/v2\/types\/post"}],"author":[{"embeddable":true,"href":"https:\/\/www.caririemacao.com\/1\/wp-json\/wp\/v2\/users\/1"}],"replies":[{"embeddable":true,"href":"https:\/\/www.caririemacao.com\/1\/wp-json\/wp\/v2\/comments?post=168803"}],"version-history":[{"count":1,"href":"https:\/\/www.caririemacao.com\/1\/wp-json\/wp\/v2\/posts\/168803\/revisions"}],"predecessor-version":[{"id":168805,"href":"https:\/\/www.caririemacao.com\/1\/wp-json\/wp\/v2\/posts\/168803\/revisions\/168805"}],"wp:featuredmedia":[{"embeddable":true,"href":"https:\/\/www.caririemacao.com\/1\/wp-json\/wp\/v2\/media\/168804"}],"wp:attachment":[{"href":"https:\/\/www.caririemacao.com\/1\/wp-json\/wp\/v2\/media?parent=168803"}],"wp:term":[{"taxonomy":"category","embeddable":true,"href":"https:\/\/www.caririemacao.com\/1\/wp-json\/wp\/v2\/categories?post=168803"},{"taxonomy":"post_tag","embeddable":true,"href":"https:\/\/www.caririemacao.com\/1\/wp-json\/wp\/v2\/tags?post=168803"}],"curies":[{"name":"wp","href":"https:\/\/api.w.org\/{rel}","templated":true}]}}