{"id":168806,"date":"2020-05-11T12:10:32","date_gmt":"2020-05-11T15:10:32","guid":{"rendered":"https:\/\/www.caririemacao.com\/1\/?p=168806"},"modified":"2020-05-11T12:10:32","modified_gmt":"2020-05-11T15:10:32","slug":"tensao-caruaru-agora-tem-12-mortos-por-covid-19","status":"publish","type":"post","link":"https:\/\/www.caririemacao.com\/1\/2020\/05\/11\/tensao-caruaru-agora-tem-12-mortos-por-covid-19\/","title":{"rendered":"Tens\u00e3o: Caruaru agora tem 12 mortos por COVID-19"},"content":{"rendered":"\n<p>Mais dois casos positivos de Covid-19 foram registrados em Caruaru, Agreste de Pernambuco, incluindo um \u00f3bito. <\/p>\n\n\n\n<p>De acordo com boletim da Secretaria Municipal de Sa\u00fade divulgado na noite deste domingo (10), um paciente de 40 anos tem quadro de sa\u00fade est\u00e1vel e est\u00e1 em isolamento domiciliar. O \u00f3bito \u00e9 de uma mulher de 86 anos. Ela faleceu no dia 4 de maio.<\/p>\n\n\n\n<p>Caruaru soma agora 101 casos confirmados do novo coronav\u00edrus, incluindo 12 mortes. Seis \u00f3bitos est\u00e3o em investiga\u00e7\u00e3o e o n\u00famero de pessoas recuperadas subiu para 62.<\/p>\n\n\n\n<p>Pernambuco Not\u00edcias<\/p>\n","protected":false},"excerpt":{"rendered":"<p>Mais dois casos positivos de Covid-19 foram registrados em Caruaru, Agreste de Pernambuco, incluindo um \u00f3bito. De acordo com boletim da Secretaria Municipal de Sa\u00fade&hellip; <\/p>\n","protected":false},"author":1,"featured_media":168807,"comment_status":"closed","ping_status":"closed","sticky":false,"template":"","format":"standard","meta":{"sfsi_plus_gutenberg_text_before_share":"","sfsi_plus_gutenberg_show_text_before_share":"","sfsi_plus_gutenberg_icon_type":"","sfsi_plus_gutenberg_icon_alignemt":"","sfsi_plus_gutenburg_max_per_row":"","footnotes":""},"categories":[6],"tags":[],"class_list":["post-168806","post","type-post","status-publish","format-standard","has-post-thumbnail","hentry","category-cidades"],"_links":{"self":[{"href":"https:\/\/www.caririemacao.com\/1\/wp-json\/wp\/v2\/posts\/168806","targetHints":{"allow":["GET"]}}],"collection":[{"href":"https:\/\/www.caririemacao.com\/1\/wp-json\/wp\/v2\/posts"}],"about":[{"href":"https:\/\/www.caririemacao.com\/1\/wp-json\/wp\/v2\/types\/post"}],"author":[{"embeddable":true,"href":"https:\/\/www.caririemacao.com\/1\/wp-json\/wp\/v2\/users\/1"}],"replies":[{"embeddable":true,"href":"https:\/\/www.caririemacao.com\/1\/wp-json\/wp\/v2\/comments?post=168806"}],"version-history":[{"count":1,"href":"https:\/\/www.caririemacao.com\/1\/wp-json\/wp\/v2\/posts\/168806\/revisions"}],"predecessor-version":[{"id":168808,"href":"https:\/\/www.caririemacao.com\/1\/wp-json\/wp\/v2\/posts\/168806\/revisions\/168808"}],"wp:featuredmedia":[{"embeddable":true,"href":"https:\/\/www.caririemacao.com\/1\/wp-json\/wp\/v2\/media\/168807"}],"wp:attachment":[{"href":"https:\/\/www.caririemacao.com\/1\/wp-json\/wp\/v2\/media?parent=168806"}],"wp:term":[{"taxonomy":"category","embeddable":true,"href":"https:\/\/www.caririemacao.com\/1\/wp-json\/wp\/v2\/categories?post=168806"},{"taxonomy":"post_tag","embeddable":true,"href":"https:\/\/www.caririemacao.com\/1\/wp-json\/wp\/v2\/tags?post=168806"}],"curies":[{"name":"wp","href":"https:\/\/api.w.org\/{rel}","templated":true}]}}