{"id":168821,"date":"2020-05-11T12:34:40","date_gmt":"2020-05-11T15:34:40","guid":{"rendered":"https:\/\/www.caririemacao.com\/1\/?p=168821"},"modified":"2020-05-11T12:34:40","modified_gmt":"2020-05-11T15:34:40","slug":"sob-risco-de-multa-bolsonaro-respeita-determinacao-do-governo-do-df-e-usa-mascara-ao-sair-do-alvorada","status":"publish","type":"post","link":"https:\/\/www.caririemacao.com\/1\/2020\/05\/11\/sob-risco-de-multa-bolsonaro-respeita-determinacao-do-governo-do-df-e-usa-mascara-ao-sair-do-alvorada\/","title":{"rendered":"Sob risco de multa, Bolsonaro respeita determina\u00e7\u00e3o do governo do DF e usa m\u00e1scara ao sair do Alvorada"},"content":{"rendered":"\n<p>No dia em que o governo do Distrito Federal come\u00e7ou a multar quem n\u00e3o utilizar m\u00e1scaras em espa\u00e7os p\u00fablicos, o presidente Jair Bolsonaro apareceu com a pe\u00e7a ao cumprimentar apoiadores na sa\u00edda do Pal\u00e1cio da Alvorada, na manh\u00e3 desta segunda-feira.<\/p>\n\n\n\n<p>Quem descumprir a determina\u00e7\u00e3o pode ser penalizado com uma multa a partir de R$ 2 mil e acarretar em crime de infra\u00e7\u00e3o de medida sanit\u00e1ria preventiva, com pena a deten\u00e7\u00e3o de um m\u00eas a um ano, segundo o governo distrital.<\/p>\n\n\n\n<p>Apesar de j\u00e1 ter usado m\u00e1scaras em outras oportunidades, Bolsonaro n\u00e3o havia adotado o utens\u00edlio na intera\u00e7\u00e3o com simpatizantes na porta da resid\u00eancia oficial. Todos os integrantes do comboio tamb\u00e9m utilizavam a pe\u00e7a. O presidente n\u00e3o falou com os jornalistas que estavam no local.<\/p>\n","protected":false},"excerpt":{"rendered":"<p>No dia em que o governo do Distrito Federal come\u00e7ou a multar quem n\u00e3o utilizar m\u00e1scaras em espa\u00e7os p\u00fablicos, o presidente Jair Bolsonaro apareceu com&hellip; <\/p>\n","protected":false},"author":2,"featured_media":168822,"comment_status":"closed","ping_status":"closed","sticky":false,"template":"","format":"standard","meta":{"sfsi_plus_gutenberg_text_before_share":"","sfsi_plus_gutenberg_show_text_before_share":"","sfsi_plus_gutenberg_icon_type":"","sfsi_plus_gutenberg_icon_alignemt":"","sfsi_plus_gutenburg_max_per_row":"","footnotes":""},"categories":[11],"tags":[],"class_list":["post-168821","post","type-post","status-publish","format-standard","has-post-thumbnail","hentry","category-politica"],"_links":{"self":[{"href":"https:\/\/www.caririemacao.com\/1\/wp-json\/wp\/v2\/posts\/168821","targetHints":{"allow":["GET"]}}],"collection":[{"href":"https:\/\/www.caririemacao.com\/1\/wp-json\/wp\/v2\/posts"}],"about":[{"href":"https:\/\/www.caririemacao.com\/1\/wp-json\/wp\/v2\/types\/post"}],"author":[{"embeddable":true,"href":"https:\/\/www.caririemacao.com\/1\/wp-json\/wp\/v2\/users\/2"}],"replies":[{"embeddable":true,"href":"https:\/\/www.caririemacao.com\/1\/wp-json\/wp\/v2\/comments?post=168821"}],"version-history":[{"count":1,"href":"https:\/\/www.caririemacao.com\/1\/wp-json\/wp\/v2\/posts\/168821\/revisions"}],"predecessor-version":[{"id":168823,"href":"https:\/\/www.caririemacao.com\/1\/wp-json\/wp\/v2\/posts\/168821\/revisions\/168823"}],"wp:featuredmedia":[{"embeddable":true,"href":"https:\/\/www.caririemacao.com\/1\/wp-json\/wp\/v2\/media\/168822"}],"wp:attachment":[{"href":"https:\/\/www.caririemacao.com\/1\/wp-json\/wp\/v2\/media?parent=168821"}],"wp:term":[{"taxonomy":"category","embeddable":true,"href":"https:\/\/www.caririemacao.com\/1\/wp-json\/wp\/v2\/categories?post=168821"},{"taxonomy":"post_tag","embeddable":true,"href":"https:\/\/www.caririemacao.com\/1\/wp-json\/wp\/v2\/tags?post=168821"}],"curies":[{"name":"wp","href":"https:\/\/api.w.org\/{rel}","templated":true}]}}