{"id":168829,"date":"2020-05-11T13:42:49","date_gmt":"2020-05-11T16:42:49","guid":{"rendered":"https:\/\/www.caririemacao.com\/1\/?p=168829"},"modified":"2020-05-11T13:42:49","modified_gmt":"2020-05-11T16:42:49","slug":"monteiro-secretaria-da-saude-da-inicio-a-3a-etapa-da-vacinacao-contra-a-gripe","status":"publish","type":"post","link":"https:\/\/www.caririemacao.com\/1\/2020\/05\/11\/monteiro-secretaria-da-saude-da-inicio-a-3a-etapa-da-vacinacao-contra-a-gripe\/","title":{"rendered":"Monteiro: Secretaria da Sa\u00fade d\u00e1 in\u00edcio a 3\u00aa etapa da vacina\u00e7\u00e3o contra a gripe"},"content":{"rendered":"\n<p>A Prefeitura de Monteiro anunciou na manh\u00e3 desta segunda-feira 11, que a Secretaria de Sa\u00fade dar\u00e1 in\u00edcio a terceira etapa da vacina\u00e7\u00e3o contra a gripe no  munic\u00edpio. <\/p>\n\n\n\n<p>Desta vez, a vacina\u00e7\u00e3o ocorrer\u00e1 entre os grupos priorit\u00e1rios, como: as crian\u00e7as, professores, gestantes, puerp\u00e9rias, adultos (de 55 a 59 anos) e pessoas com defici\u00eancia. <\/p>\n\n\n\n<p>A prefeitura pede para que as pessoas  verifiquem o regime de vacina\u00e7\u00e3o de sua UBS para evitar aglomera\u00e7\u00f5es. E pede para n\u00e3o se esquecerem de usar a m\u00e1scara. <\/p>\n","protected":false},"excerpt":{"rendered":"<p>A Prefeitura de Monteiro anunciou na manh\u00e3 desta segunda-feira 11, que a Secretaria de Sa\u00fade dar\u00e1 in\u00edcio a terceira etapa da vacina\u00e7\u00e3o contra a gripe&hellip; <\/p>\n","protected":false},"author":1,"featured_media":168830,"comment_status":"closed","ping_status":"closed","sticky":false,"template":"","format":"standard","meta":{"sfsi_plus_gutenberg_text_before_share":"","sfsi_plus_gutenberg_show_text_before_share":"","sfsi_plus_gutenberg_icon_type":"","sfsi_plus_gutenberg_icon_alignemt":"","sfsi_plus_gutenburg_max_per_row":"","footnotes":""},"categories":[6,50],"tags":[],"class_list":["post-168829","post","type-post","status-publish","format-standard","has-post-thumbnail","hentry","category-cidades","category-destaque"],"_links":{"self":[{"href":"https:\/\/www.caririemacao.com\/1\/wp-json\/wp\/v2\/posts\/168829","targetHints":{"allow":["GET"]}}],"collection":[{"href":"https:\/\/www.caririemacao.com\/1\/wp-json\/wp\/v2\/posts"}],"about":[{"href":"https:\/\/www.caririemacao.com\/1\/wp-json\/wp\/v2\/types\/post"}],"author":[{"embeddable":true,"href":"https:\/\/www.caririemacao.com\/1\/wp-json\/wp\/v2\/users\/1"}],"replies":[{"embeddable":true,"href":"https:\/\/www.caririemacao.com\/1\/wp-json\/wp\/v2\/comments?post=168829"}],"version-history":[{"count":1,"href":"https:\/\/www.caririemacao.com\/1\/wp-json\/wp\/v2\/posts\/168829\/revisions"}],"predecessor-version":[{"id":168831,"href":"https:\/\/www.caririemacao.com\/1\/wp-json\/wp\/v2\/posts\/168829\/revisions\/168831"}],"wp:featuredmedia":[{"embeddable":true,"href":"https:\/\/www.caririemacao.com\/1\/wp-json\/wp\/v2\/media\/168830"}],"wp:attachment":[{"href":"https:\/\/www.caririemacao.com\/1\/wp-json\/wp\/v2\/media?parent=168829"}],"wp:term":[{"taxonomy":"category","embeddable":true,"href":"https:\/\/www.caririemacao.com\/1\/wp-json\/wp\/v2\/categories?post=168829"},{"taxonomy":"post_tag","embeddable":true,"href":"https:\/\/www.caririemacao.com\/1\/wp-json\/wp\/v2\/tags?post=168829"}],"curies":[{"name":"wp","href":"https:\/\/api.w.org\/{rel}","templated":true}]}}