{"id":16883,"date":"2017-03-30T09:05:48","date_gmt":"2017-03-30T12:05:48","guid":{"rendered":"http:\/\/caririemacao.com\/1\/?p=16883"},"modified":"2017-03-30T09:05:48","modified_gmt":"2017-03-30T12:05:48","slug":"vereadores-solicitam-e-prefeitura-retoma-obra-de-calcamento-no-distrito-malhada-de-roca","status":"publish","type":"post","link":"https:\/\/www.caririemacao.com\/1\/2017\/03\/30\/vereadores-solicitam-e-prefeitura-retoma-obra-de-calcamento-no-distrito-malhada-de-roca\/","title":{"rendered":"Vereadores solicitam e Prefeitura retoma obra de cal\u00e7amento no distrito Malhada de Ro\u00e7a"},"content":{"rendered":"<p>Para alegria e satisfa\u00e7\u00e3o de todos os moradores do Distrito de Malhada de Ro\u00e7a, a prefeitura de S\u00e3o Jo\u00e3o do Cariri atendendo pedido dos vereadores Chic\u00e3o Medeiros e Francisco J\u00fanior retomou durante esta semana \u00e0 obra de pavimenta\u00e7\u00e3o no Distrito.<\/p>\n<p>O vereador lembrou que ao assumir a vaga de vereador, seu primeiro requerimento foi pedir ao prefeito Cosme que mantivesse contato com a empresa vencedora para que a obra fosse retomada. \u201c\u00c9 de conhecimento de todos que o recurso total da obra se encontra em conta da Caixa Econ\u00f4mica Federal e n\u00e3o \u00e9 justo que por conta da burocracia a comunidade ficasse prejudicada com a obra inacabada.<\/p>\n<p>Vale destacar que esse apelo j\u00e1 tinha sido feito pelo vereador Francisco J\u00fanior e refor\u00e7ado pelo vereador Chic\u00e3o Medeiros. Chic\u00e3o revelou que a obra ser\u00e1 conclu\u00edda o mais r\u00e1pido poss\u00edvel, conforme cronograma da obra.<\/p>\n<p><strong>CARIRI EM A\u00c7\u00c3O<\/strong><\/p>\n<p>Leia mais not\u00edcias em\u00a0<a href=\"http:\/\/www.caririemacao.com\/\">caririemacao.com<\/a>, siga nossa p\u00e1gina no<a href=\"https:\/\/www.facebook.com\/CaririEmAcao\/\">\u00a0Facebook<\/a>\u00a0e\u00a0<a href=\"https:\/\/www.instagram.com\/cariri_em_acao\/?hl=pt-br\">Instagram<\/a>\u00a0veja nossas mat\u00e9rias e fotos. Voc\u00ea tamb\u00e9m pode enviar informa\u00e7\u00f5es \u00e0 Reda\u00e7\u00e3o do Portal Cariri em A\u00e7\u00e3o pelo WhatsApp (83) 9 9634.5791 ou (83) 9 9601-1162.<\/p>\n","protected":false},"excerpt":{"rendered":"<p>Para alegria e satisfa\u00e7\u00e3o de todos os moradores do Distrito de Malhada de Ro\u00e7a, a prefeitura de S\u00e3o Jo\u00e3o do Cariri atendendo pedido dos vereadores&hellip; <\/p>\n","protected":false},"author":2,"featured_media":16884,"comment_status":"closed","ping_status":"closed","sticky":false,"template":"","format":"standard","meta":{"sfsi_plus_gutenberg_text_before_share":"","sfsi_plus_gutenberg_show_text_before_share":"","sfsi_plus_gutenberg_icon_type":"","sfsi_plus_gutenberg_icon_alignemt":"","sfsi_plus_gutenburg_max_per_row":"","footnotes":""},"categories":[2],"tags":[],"class_list":["post-16883","post","type-post","status-publish","format-standard","has-post-thumbnail","hentry","category-geral"],"_links":{"self":[{"href":"https:\/\/www.caririemacao.com\/1\/wp-json\/wp\/v2\/posts\/16883","targetHints":{"allow":["GET"]}}],"collection":[{"href":"https:\/\/www.caririemacao.com\/1\/wp-json\/wp\/v2\/posts"}],"about":[{"href":"https:\/\/www.caririemacao.com\/1\/wp-json\/wp\/v2\/types\/post"}],"author":[{"embeddable":true,"href":"https:\/\/www.caririemacao.com\/1\/wp-json\/wp\/v2\/users\/2"}],"replies":[{"embeddable":true,"href":"https:\/\/www.caririemacao.com\/1\/wp-json\/wp\/v2\/comments?post=16883"}],"version-history":[{"count":0,"href":"https:\/\/www.caririemacao.com\/1\/wp-json\/wp\/v2\/posts\/16883\/revisions"}],"wp:featuredmedia":[{"embeddable":true,"href":"https:\/\/www.caririemacao.com\/1\/wp-json\/wp\/v2\/media\/16884"}],"wp:attachment":[{"href":"https:\/\/www.caririemacao.com\/1\/wp-json\/wp\/v2\/media?parent=16883"}],"wp:term":[{"taxonomy":"category","embeddable":true,"href":"https:\/\/www.caririemacao.com\/1\/wp-json\/wp\/v2\/categories?post=16883"},{"taxonomy":"post_tag","embeddable":true,"href":"https:\/\/www.caririemacao.com\/1\/wp-json\/wp\/v2\/tags?post=16883"}],"curies":[{"name":"wp","href":"https:\/\/api.w.org\/{rel}","templated":true}]}}