{"id":168839,"date":"2020-05-11T14:17:43","date_gmt":"2020-05-11T17:17:43","guid":{"rendered":"https:\/\/www.caririemacao.com\/1\/?p=168839"},"modified":"2020-05-11T14:17:43","modified_gmt":"2020-05-11T17:17:43","slug":"mercado-financeiro-preve-queda-de-411-na-economia-este-ano","status":"publish","type":"post","link":"https:\/\/www.caririemacao.com\/1\/2020\/05\/11\/mercado-financeiro-preve-queda-de-411-na-economia-este-ano\/","title":{"rendered":"Mercado financeiro prev\u00ea queda de 4,11% na economia este ano"},"content":{"rendered":"\n<p>O mercado financeiro revisou pela 13\u00aa semana seguida a previs\u00e3o de queda da economia este ano. A estimativa de recuo do Produto Interno Bruto (PIB) \u2013 a soma de todos os bens e servi\u00e7os produzidos no pa\u00eds \u2013 piorou de 3,76% para 4,11%.<\/p>\n\n\n\n<p>A estimativa consta do boletim&nbsp;<em>Focus<\/em>, publica\u00e7\u00e3o elaborada semanalmente pelo Banco Central (BC), com a proje\u00e7\u00e3o para os principais indicadores econ\u00f4micos.<\/p>\n\n\n\n<p>A previs\u00e3o para o crescimento do PIB em 2021 segue em 3,2% e para 2022 e 2023 continua em 2,50%.<\/p>\n","protected":false},"excerpt":{"rendered":"<p>O mercado financeiro revisou pela 13\u00aa semana seguida a previs\u00e3o de queda da economia este ano. A estimativa de recuo do Produto Interno Bruto (PIB)&hellip; <\/p>\n","protected":false},"author":2,"featured_media":167480,"comment_status":"closed","ping_status":"closed","sticky":false,"template":"","format":"standard","meta":{"sfsi_plus_gutenberg_text_before_share":"","sfsi_plus_gutenberg_show_text_before_share":"","sfsi_plus_gutenberg_icon_type":"","sfsi_plus_gutenberg_icon_alignemt":"","sfsi_plus_gutenburg_max_per_row":"","footnotes":""},"categories":[2],"tags":[],"class_list":["post-168839","post","type-post","status-publish","format-standard","has-post-thumbnail","hentry","category-geral"],"_links":{"self":[{"href":"https:\/\/www.caririemacao.com\/1\/wp-json\/wp\/v2\/posts\/168839","targetHints":{"allow":["GET"]}}],"collection":[{"href":"https:\/\/www.caririemacao.com\/1\/wp-json\/wp\/v2\/posts"}],"about":[{"href":"https:\/\/www.caririemacao.com\/1\/wp-json\/wp\/v2\/types\/post"}],"author":[{"embeddable":true,"href":"https:\/\/www.caririemacao.com\/1\/wp-json\/wp\/v2\/users\/2"}],"replies":[{"embeddable":true,"href":"https:\/\/www.caririemacao.com\/1\/wp-json\/wp\/v2\/comments?post=168839"}],"version-history":[{"count":1,"href":"https:\/\/www.caririemacao.com\/1\/wp-json\/wp\/v2\/posts\/168839\/revisions"}],"predecessor-version":[{"id":168840,"href":"https:\/\/www.caririemacao.com\/1\/wp-json\/wp\/v2\/posts\/168839\/revisions\/168840"}],"wp:featuredmedia":[{"embeddable":true,"href":"https:\/\/www.caririemacao.com\/1\/wp-json\/wp\/v2\/media\/167480"}],"wp:attachment":[{"href":"https:\/\/www.caririemacao.com\/1\/wp-json\/wp\/v2\/media?parent=168839"}],"wp:term":[{"taxonomy":"category","embeddable":true,"href":"https:\/\/www.caririemacao.com\/1\/wp-json\/wp\/v2\/categories?post=168839"},{"taxonomy":"post_tag","embeddable":true,"href":"https:\/\/www.caririemacao.com\/1\/wp-json\/wp\/v2\/tags?post=168839"}],"curies":[{"name":"wp","href":"https:\/\/api.w.org\/{rel}","templated":true}]}}