{"id":168847,"date":"2020-05-11T14:27:55","date_gmt":"2020-05-11T17:27:55","guid":{"rendered":"https:\/\/www.caririemacao.com\/1\/?p=168847"},"modified":"2020-05-11T14:27:55","modified_gmt":"2020-05-11T17:27:55","slug":"moro-pode-enfrentar-cerco-do-centrao-e-do-bloco-de-oposicao-liderado-pelo-pt-no-congresso-entenda","status":"publish","type":"post","link":"https:\/\/www.caririemacao.com\/1\/2020\/05\/11\/moro-pode-enfrentar-cerco-do-centrao-e-do-bloco-de-oposicao-liderado-pelo-pt-no-congresso-entenda\/","title":{"rendered":"Moro pode enfrentar cerco do Centr\u00e3o e do bloco de oposi\u00e7\u00e3o liderado pelo PT no Congresso; entenda"},"content":{"rendered":"\n<p>O\u00a0ex-ministro da Justi\u00e7a e Seguran\u00e7a P\u00fablica Sergio Moro\u00a0\u00e9 alvo da maioria dos parlamentares do Congresso, do Supremo Tribunal Federal (STF) e do Pal\u00e1cio do Planalto.<\/p>\n\n\n\n<p>No Congresso, a soma de interesses do Centr\u00e3o e do PT formou uma maioria para minar uma eventual candidatura do ex-ministro \u00e0 presid\u00eancia da Rep\u00fablica em 2022. A ideia seria apontar poss\u00edveis crimes cometidos de Moro durante o cargo de ministro da Justi\u00e7a, depois que ele apontar interfer\u00eancia de Jair Bolsonaro na Pol\u00edcia Federal.<\/p>\n\n\n\n<p>O ex-juiz teria cometido o crime de prevarica\u00e7\u00e3o, por n\u00e3o ter exposto o delito mesmo sabendo. Juntos, o PT e o Centr\u00e3o t\u00eam mais de um ter\u00e7o dos votos nas duas Casas \u2013 n\u00famero m\u00ednimo para a cria\u00e7\u00e3o da CPI, para investigar as den\u00fancias de Moro.<\/p>\n\n\n\n<p>Em paralelo, uma ala do Supremo critica a condu\u00e7\u00e3o dos processos da Lava-Jato por parte do ex-magistrado. Um exemplo \u00e9 a jurisprud\u00eancia firmada pela Corte h\u00e1 dois anos declarando inconstitucional a condu\u00e7\u00e3o coercitiva de r\u00e9us ou investigados para o interrogat\u00f3rio. Moro utilizou o expediente, por exemplo, com o ex-presidente Luiz In\u00e1cio Lula da Silva.<\/p>\n\n\n\n<p>\u201cA esquerda e o Centr\u00e3o t\u00eam mais sede de pegar o [ex-ministro Sergio] Moro do que o [presidente Jair] Bolsonaro\u201d, confirmou ao&nbsp;jornal Valor Econ\u00f4mico&nbsp;um deputado de postura independente.<\/p>\n\n\n\n<p>De acordo com o parlamentar, \u00e9 mais vi\u00e1vel prosperar no Congresso um dos nove pedidos de abertura de comiss\u00e3o parlamentar de inqu\u00e9rito (CPI) para investigar as den\u00fancias de Moro do que um dos 31 requerimentos de impeachment contra Bolsonaro.<\/p>\n\n\n\n<p>Depois de tirar o ex-presidente Lula da elei\u00e7\u00e3o, com uma senten\u00e7a sem provas (processo do triplex em Guaruj\u00e1), Moro chegou ao governo, mas n\u00e3o teve a for\u00e7a que esperava. A m\u00e1 articula\u00e7\u00e3o ficou evidente na vota\u00e7\u00e3o do pacote anticrime, a vitrine de sua gest\u00e3o no minist\u00e9rio, que foi conduzida na C\u00e2mara pelos deputados do Centr\u00e3o: a presidente do grupo de trabalhos era a deputada Margarete Coelho (PI), do PP. N\u00e3o foram aprovados, por exemplo, o trecho que ampliava o excludente de ilicitude e a pris\u00e3o ap\u00f3s a condena\u00e7\u00e3o em segunda inst\u00e2ncia.<\/p>\n\n\n\n<p>O ex-juiz j\u00e1 via a sua imagem se deteriorar ainda mais com as\u00a0revela\u00e7\u00f5es do Intercept Brasil sobre as irregularidades da Opera\u00e7\u00e3o Lava Jato. De acordo com a s\u00e9rie de reportagens, Moro atuava como uma esp\u00e9cie de assistente de acusa\u00e7\u00e3o de procuradores.<\/p>\n","protected":false},"excerpt":{"rendered":"<p>O\u00a0ex-ministro da Justi\u00e7a e Seguran\u00e7a P\u00fablica Sergio Moro\u00a0\u00e9 alvo da maioria dos parlamentares do Congresso, do Supremo Tribunal Federal (STF) e do Pal\u00e1cio do Planalto.&hellip; <\/p>\n","protected":false},"author":2,"featured_media":165794,"comment_status":"closed","ping_status":"closed","sticky":false,"template":"","format":"standard","meta":{"sfsi_plus_gutenberg_text_before_share":"","sfsi_plus_gutenberg_show_text_before_share":"","sfsi_plus_gutenberg_icon_type":"","sfsi_plus_gutenberg_icon_alignemt":"","sfsi_plus_gutenburg_max_per_row":"","footnotes":""},"categories":[11],"tags":[],"class_list":["post-168847","post","type-post","status-publish","format-standard","has-post-thumbnail","hentry","category-politica"],"_links":{"self":[{"href":"https:\/\/www.caririemacao.com\/1\/wp-json\/wp\/v2\/posts\/168847","targetHints":{"allow":["GET"]}}],"collection":[{"href":"https:\/\/www.caririemacao.com\/1\/wp-json\/wp\/v2\/posts"}],"about":[{"href":"https:\/\/www.caririemacao.com\/1\/wp-json\/wp\/v2\/types\/post"}],"author":[{"embeddable":true,"href":"https:\/\/www.caririemacao.com\/1\/wp-json\/wp\/v2\/users\/2"}],"replies":[{"embeddable":true,"href":"https:\/\/www.caririemacao.com\/1\/wp-json\/wp\/v2\/comments?post=168847"}],"version-history":[{"count":1,"href":"https:\/\/www.caririemacao.com\/1\/wp-json\/wp\/v2\/posts\/168847\/revisions"}],"predecessor-version":[{"id":168848,"href":"https:\/\/www.caririemacao.com\/1\/wp-json\/wp\/v2\/posts\/168847\/revisions\/168848"}],"wp:featuredmedia":[{"embeddable":true,"href":"https:\/\/www.caririemacao.com\/1\/wp-json\/wp\/v2\/media\/165794"}],"wp:attachment":[{"href":"https:\/\/www.caririemacao.com\/1\/wp-json\/wp\/v2\/media?parent=168847"}],"wp:term":[{"taxonomy":"category","embeddable":true,"href":"https:\/\/www.caririemacao.com\/1\/wp-json\/wp\/v2\/categories?post=168847"},{"taxonomy":"post_tag","embeddable":true,"href":"https:\/\/www.caririemacao.com\/1\/wp-json\/wp\/v2\/tags?post=168847"}],"curies":[{"name":"wp","href":"https:\/\/api.w.org\/{rel}","templated":true}]}}