{"id":168854,"date":"2020-05-11T21:54:42","date_gmt":"2020-05-12T00:54:42","guid":{"rendered":"https:\/\/www.caririemacao.com\/1\/?p=168854"},"modified":"2020-05-11T21:54:42","modified_gmt":"2020-05-12T00:54:42","slug":"urgente-secretaria-de-saude-de-monteiro-confirma-3-caso-positivo-de-covid-19","status":"publish","type":"post","link":"https:\/\/www.caririemacao.com\/1\/2020\/05\/11\/urgente-secretaria-de-saude-de-monteiro-confirma-3-caso-positivo-de-covid-19\/","title":{"rendered":"Urgente: Secretaria de Sa\u00fade de Monteiro confirma 3\u00b0 caso positivo de Covid-19"},"content":{"rendered":"\n<p>A Secretaria Municipal de Sa\u00fade, vem atrav\u00e9s desta esclarecer e prestar informa\u00e7\u00f5es sobre o novo caso CONFIRMADO para COVID 19.&nbsp;<br>Trata-se de um paciente do sexo masculino, 55 anos, caminhoneiro, com hist\u00f3rico de viagem ao Piau\u00ed, deu entrada nesta tarde ao Hospital Regional Santa Filomena, queixando-se de tosse seca, coriza e perda do olfato h\u00e1 10 dias. Foi encaminhado a ala de isolamento do Hospital, submetido, imediatamente ao teste r\u00e1pido para COVID 19, com resultado POSITIVO.&nbsp; &nbsp; &nbsp; &nbsp; &nbsp; &nbsp;<\/p>\n\n\n\n<p>A Secretaria Municipal de Sa\u00fade ainda informa sobre mais 02 novos casos de COVID 19 em investiga\u00e7\u00e3o.<\/p>\n\n\n\n<p>O primeiro caso&nbsp;Trata-se de um paciente do sexo Feminino, 48 anos, residente na Zona rural de Monteiro- PB. Deu entrada no Hospital Regional Santa Filomena, ontem, apresentando febre, Tosse, cansa\u00e7o h\u00e1 02 dias. Encontra-se na ala para COVID 19. Foi realizada a coleta de Swab e amostra encaminhada para o LACEN.<\/p>\n\n\n\n<p>O segundo caso, trata-se de um jovem, sexo masculino, 15 anos, residente em Monteiro, com hist\u00f3rico de viagem ao Piau\u00ed, deu entrada no&nbsp; Hospital Regional Santa Filomena nesta tarde, apresentando sintomas de coriza, tosse seca e perda do olfato, h\u00e1 10 dias. Encontra-se na ala de isolamento para COVID 19, aguardando resultado de exames. Desta forma, seguimos com 5 casos em investiga\u00e7\u00e3o.<\/p>\n\n\n\n<p>A SMS &nbsp;refor\u00e7a a import\u00e2ncia do Isolamento Social, manter distanciamento, al\u00e9m de medidas gerais de preven\u00e7\u00e3o, como tamb\u00e9m uso obrigat\u00f3rio de m\u00e1scaras de acordo com Decreto Estadual n\u2022 40.217<\/p>\n","protected":false},"excerpt":{"rendered":"<p>A Secretaria Municipal de Sa\u00fade, vem atrav\u00e9s desta esclarecer e prestar informa\u00e7\u00f5es sobre o novo caso CONFIRMADO para COVID 19.&nbsp;Trata-se de um paciente do sexo&hellip; <\/p>\n","protected":false},"author":1,"featured_media":168857,"comment_status":"closed","ping_status":"closed","sticky":false,"template":"","format":"standard","meta":{"sfsi_plus_gutenberg_text_before_share":"","sfsi_plus_gutenberg_show_text_before_share":"","sfsi_plus_gutenberg_icon_type":"","sfsi_plus_gutenberg_icon_alignemt":"","sfsi_plus_gutenburg_max_per_row":"","footnotes":""},"categories":[6,50],"tags":[],"class_list":["post-168854","post","type-post","status-publish","format-standard","has-post-thumbnail","hentry","category-cidades","category-destaque"],"_links":{"self":[{"href":"https:\/\/www.caririemacao.com\/1\/wp-json\/wp\/v2\/posts\/168854","targetHints":{"allow":["GET"]}}],"collection":[{"href":"https:\/\/www.caririemacao.com\/1\/wp-json\/wp\/v2\/posts"}],"about":[{"href":"https:\/\/www.caririemacao.com\/1\/wp-json\/wp\/v2\/types\/post"}],"author":[{"embeddable":true,"href":"https:\/\/www.caririemacao.com\/1\/wp-json\/wp\/v2\/users\/1"}],"replies":[{"embeddable":true,"href":"https:\/\/www.caririemacao.com\/1\/wp-json\/wp\/v2\/comments?post=168854"}],"version-history":[{"count":1,"href":"https:\/\/www.caririemacao.com\/1\/wp-json\/wp\/v2\/posts\/168854\/revisions"}],"predecessor-version":[{"id":168855,"href":"https:\/\/www.caririemacao.com\/1\/wp-json\/wp\/v2\/posts\/168854\/revisions\/168855"}],"wp:featuredmedia":[{"embeddable":true,"href":"https:\/\/www.caririemacao.com\/1\/wp-json\/wp\/v2\/media\/168857"}],"wp:attachment":[{"href":"https:\/\/www.caririemacao.com\/1\/wp-json\/wp\/v2\/media?parent=168854"}],"wp:term":[{"taxonomy":"category","embeddable":true,"href":"https:\/\/www.caririemacao.com\/1\/wp-json\/wp\/v2\/categories?post=168854"},{"taxonomy":"post_tag","embeddable":true,"href":"https:\/\/www.caririemacao.com\/1\/wp-json\/wp\/v2\/tags?post=168854"}],"curies":[{"name":"wp","href":"https:\/\/api.w.org\/{rel}","templated":true}]}}