{"id":168859,"date":"2020-05-12T02:47:59","date_gmt":"2020-05-12T05:47:59","guid":{"rendered":"https:\/\/www.caririemacao.com\/1\/?p=168859"},"modified":"2020-05-12T02:47:59","modified_gmt":"2020-05-12T05:47:59","slug":"prefeitura-de-monteiro-recupera-estradas-vicinais-de-5-comunidades-da-zona-rural","status":"publish","type":"post","link":"https:\/\/www.caririemacao.com\/1\/2020\/05\/12\/prefeitura-de-monteiro-recupera-estradas-vicinais-de-5-comunidades-da-zona-rural\/","title":{"rendered":"Prefeitura de Monteiro recupera estradas vicinais de 5 comunidades da zona rural"},"content":{"rendered":"\n<p>A prefeitura de Monteiro vem cumprindo o cronograma de recupera\u00e7\u00e3o de estradas vicinais da zona rural do munic\u00edpio. Com as chuvas torrenciais que ca\u00edram nas \u00faltimas semanas, registrando \u00edndices pluviom\u00e9tricos acima da m\u00e9dia, v\u00e1rios trechos ficaram intransit\u00e1veis e comunidades inteiras ficaram ilhadas.<\/p>\n\n\n\n<p>Nos \u00faltimos dias, os trabalhos foram concentrados nas principais vias que d\u00e3o acesso aos S\u00edtios Santana II, Malhada da Pedra, Limit\u00e3o, Cacimbinha e Po\u00e7o de Baixo, com o patrolamento e corre\u00e7\u00e3o de n\u00edvel, al\u00e9m da sobreposi\u00e7\u00e3o de cascalho, coloca\u00e7\u00e3o de pedras e barreamento nos trechos de maior eros\u00e3o.<\/p>\n\n\n\n<p>O trabalho de recupera\u00e7\u00e3o na comunidade de S\u00edtio Santana II, em localidade pr\u00f3xima \u00e0 propriedade de Josa de Ivo, foi conclu\u00eddo na manh\u00e3 desta segunda-feira(11).<\/p>\n\n\n\n<p>A prefeita de Monteiro, Anna Lorena, disse que todas as comunidades ser\u00e3o atendidas, dentro da programa\u00e7\u00e3o j\u00e1 estipulada, mas aquelas que porventura venham a ficar isoladas por causa das chuvas ter\u00e3o prioridade, bastando para isso que os presidentes de Associa\u00e7\u00e3o entrem em contato direto com a Secretaria de Agricultura.<\/p>\n","protected":false},"excerpt":{"rendered":"<p>A prefeitura de Monteiro vem cumprindo o cronograma de recupera\u00e7\u00e3o de estradas vicinais da zona rural do munic\u00edpio. Com as chuvas torrenciais que ca\u00edram nas&hellip; <\/p>\n","protected":false},"author":1,"featured_media":168860,"comment_status":"closed","ping_status":"closed","sticky":false,"template":"","format":"standard","meta":{"sfsi_plus_gutenberg_text_before_share":"","sfsi_plus_gutenberg_show_text_before_share":"","sfsi_plus_gutenberg_icon_type":"","sfsi_plus_gutenberg_icon_alignemt":"","sfsi_plus_gutenburg_max_per_row":"","footnotes":""},"categories":[6,50],"tags":[],"class_list":["post-168859","post","type-post","status-publish","format-standard","has-post-thumbnail","hentry","category-cidades","category-destaque"],"_links":{"self":[{"href":"https:\/\/www.caririemacao.com\/1\/wp-json\/wp\/v2\/posts\/168859","targetHints":{"allow":["GET"]}}],"collection":[{"href":"https:\/\/www.caririemacao.com\/1\/wp-json\/wp\/v2\/posts"}],"about":[{"href":"https:\/\/www.caririemacao.com\/1\/wp-json\/wp\/v2\/types\/post"}],"author":[{"embeddable":true,"href":"https:\/\/www.caririemacao.com\/1\/wp-json\/wp\/v2\/users\/1"}],"replies":[{"embeddable":true,"href":"https:\/\/www.caririemacao.com\/1\/wp-json\/wp\/v2\/comments?post=168859"}],"version-history":[{"count":1,"href":"https:\/\/www.caririemacao.com\/1\/wp-json\/wp\/v2\/posts\/168859\/revisions"}],"predecessor-version":[{"id":168861,"href":"https:\/\/www.caririemacao.com\/1\/wp-json\/wp\/v2\/posts\/168859\/revisions\/168861"}],"wp:featuredmedia":[{"embeddable":true,"href":"https:\/\/www.caririemacao.com\/1\/wp-json\/wp\/v2\/media\/168860"}],"wp:attachment":[{"href":"https:\/\/www.caririemacao.com\/1\/wp-json\/wp\/v2\/media?parent=168859"}],"wp:term":[{"taxonomy":"category","embeddable":true,"href":"https:\/\/www.caririemacao.com\/1\/wp-json\/wp\/v2\/categories?post=168859"},{"taxonomy":"post_tag","embeddable":true,"href":"https:\/\/www.caririemacao.com\/1\/wp-json\/wp\/v2\/tags?post=168859"}],"curies":[{"name":"wp","href":"https:\/\/api.w.org\/{rel}","templated":true}]}}