{"id":168862,"date":"2020-05-12T02:50:46","date_gmt":"2020-05-12T05:50:46","guid":{"rendered":"https:\/\/www.caririemacao.com\/1\/?p=168862"},"modified":"2020-05-12T02:50:46","modified_gmt":"2020-05-12T05:50:46","slug":"prefeitura-de-sao-sebastiao-do-umbuzeiro-realiza-obra-de-pavimentacao-da-rua-manoel-ferreira-tiole","status":"publish","type":"post","link":"https:\/\/www.caririemacao.com\/1\/2020\/05\/12\/prefeitura-de-sao-sebastiao-do-umbuzeiro-realiza-obra-de-pavimentacao-da-rua-manoel-ferreira-tiole\/","title":{"rendered":"Prefeitura de S\u00e3o Sebasti\u00e3o do Umbuzeiro realiza obra de pavimenta\u00e7\u00e3o da Rua Manoel Ferreira Tiole"},"content":{"rendered":"\n<p>Mais uma rua em S\u00e3o Sebasti\u00e3o do Umbuzeiro teve a sua pavimenta\u00e7\u00e3o conclu\u00edda atrav\u00e9s do trabalho incans\u00e1vel da gest\u00e3o municipal.<\/p>\n\n\n\n<p><br>Desta vez a contemplada foi a Rua Manoel Ferreira Tiole, (antiga Rua do Barreiro).<br>A pavimenta\u00e7\u00e3o desse trecho era um anseio antigo dos moradores e com a conclus\u00e3o dessa obra, al\u00e9m do desenvolvimento, da melhoria na acessibilidade urbana e valoriza\u00e7\u00e3o, haver\u00e1 ainda mais seguran\u00e7a e comodidade para os moradores.<\/p>\n\n\n\n<p><br>De acordo com o prefeito Adriano Wolff, as a\u00e7\u00f5es de pavimenta\u00e7\u00e3o ir\u00e3o continuar tanto com recursos pr\u00f3prios, como atrav\u00e9s de recursos conseguidos atrav\u00e9s de parcerias, como por exemplo com\u00a0o Deputado Federal Efraim Filho e tamb\u00e9m junto ao Governo do Estado.<\/p>\n\n\n\n<p><br>&#8220;Novos trechos estar\u00e3o sendo iniciados, e novos recursos ser\u00e3o buscados incansavelmente para benef\u00edcio da popula\u00e7\u00e3o&#8221;, afirmou o gestor.<\/p>\n\n\n\n<p><br><strong>Com BLOG DO DIDI<\/strong><\/p>\n","protected":false},"excerpt":{"rendered":"<p>Mais uma rua em S\u00e3o Sebasti\u00e3o do Umbuzeiro teve a sua pavimenta\u00e7\u00e3o conclu\u00edda atrav\u00e9s do trabalho incans\u00e1vel da gest\u00e3o municipal. Desta vez a contemplada foi&hellip; <\/p>\n","protected":false},"author":1,"featured_media":168863,"comment_status":"closed","ping_status":"closed","sticky":false,"template":"","format":"standard","meta":{"sfsi_plus_gutenberg_text_before_share":"","sfsi_plus_gutenberg_show_text_before_share":"","sfsi_plus_gutenberg_icon_type":"","sfsi_plus_gutenberg_icon_alignemt":"","sfsi_plus_gutenburg_max_per_row":"","footnotes":""},"categories":[6,50],"tags":[],"class_list":["post-168862","post","type-post","status-publish","format-standard","has-post-thumbnail","hentry","category-cidades","category-destaque"],"_links":{"self":[{"href":"https:\/\/www.caririemacao.com\/1\/wp-json\/wp\/v2\/posts\/168862","targetHints":{"allow":["GET"]}}],"collection":[{"href":"https:\/\/www.caririemacao.com\/1\/wp-json\/wp\/v2\/posts"}],"about":[{"href":"https:\/\/www.caririemacao.com\/1\/wp-json\/wp\/v2\/types\/post"}],"author":[{"embeddable":true,"href":"https:\/\/www.caririemacao.com\/1\/wp-json\/wp\/v2\/users\/1"}],"replies":[{"embeddable":true,"href":"https:\/\/www.caririemacao.com\/1\/wp-json\/wp\/v2\/comments?post=168862"}],"version-history":[{"count":1,"href":"https:\/\/www.caririemacao.com\/1\/wp-json\/wp\/v2\/posts\/168862\/revisions"}],"predecessor-version":[{"id":168864,"href":"https:\/\/www.caririemacao.com\/1\/wp-json\/wp\/v2\/posts\/168862\/revisions\/168864"}],"wp:featuredmedia":[{"embeddable":true,"href":"https:\/\/www.caririemacao.com\/1\/wp-json\/wp\/v2\/media\/168863"}],"wp:attachment":[{"href":"https:\/\/www.caririemacao.com\/1\/wp-json\/wp\/v2\/media?parent=168862"}],"wp:term":[{"taxonomy":"category","embeddable":true,"href":"https:\/\/www.caririemacao.com\/1\/wp-json\/wp\/v2\/categories?post=168862"},{"taxonomy":"post_tag","embeddable":true,"href":"https:\/\/www.caririemacao.com\/1\/wp-json\/wp\/v2\/tags?post=168862"}],"curies":[{"name":"wp","href":"https:\/\/api.w.org\/{rel}","templated":true}]}}