{"id":16887,"date":"2017-03-30T09:41:46","date_gmt":"2017-03-30T12:41:46","guid":{"rendered":"http:\/\/caririemacao.com\/1\/?p=16887"},"modified":"2017-03-30T11:25:32","modified_gmt":"2017-03-30T14:25:32","slug":"sumeense-vai-receber-premio-ceci-melo-nesta-sexta-em-joao-pessoa","status":"publish","type":"post","link":"https:\/\/www.caririemacao.com\/1\/2017\/03\/30\/sumeense-vai-receber-premio-ceci-melo-nesta-sexta-em-joao-pessoa\/","title":{"rendered":"Sumeense vai receber Pr\u00eamio Ceci Melo nesta sexta em Jo\u00e3o Pessoa"},"content":{"rendered":"<p>O Conselho do Or\u00e7amento Democr\u00e1tico da 5\u00aa regi\u00e3o em conjunto com a Secretaria de Estado da Mulher e da Diversidade Humana do Governo da Para\u00edba escolheu a sumeense Ana Paula Gon\u00e7alves Leite para receber o Pr\u00eamio Ceci Melo, que j\u00e1 est\u00e1 em sua quinta vers\u00e3o.<\/p>\n<p>O nome de Ana Paula foi escolhido pelo destaque nas suas atua\u00e7\u00f5es sociais e profissionais. Al\u00e9m de Ana Paula, a amparense Nelma Cardoso ser\u00e1 homenageada como conselheira do OD, tamb\u00e9m escolhida pelo conselho.<\/p>\n<p>A solenidade de entrega do Pr\u00eamio Ceci Melo acontece dentro do lan\u00e7amento do calend\u00e1rio do ciclo de audi\u00eancias p\u00fablicas regionais do Or\u00e7amento Democr\u00e1tico Estadual (ODE) \u2013 2017, nesta sexta-feira, a partir das 9h, na Sala de Concertos Maestro Jos\u00e9 Siqueira, no Espa\u00e7o Cultural, em Jo\u00e3o Pessoa.<\/p>\n<p><strong>Conhe\u00e7a um pouco da Homenageada pela 5\u00aa Regi\u00e3o do OD, Ana Paula Gon\u00e7alves Leite:<\/strong><\/p>\n<p>Graduada em Tecnologia da Gest\u00e3o P\u00fablica pela UFCG &#8211; Universidade Federal de Campina Grande, do Campus tem\u00e1tico CDSA &#8211; Centro de Desenvolvimento Sustent\u00e1vel do Semi\u00e1rido, localizado no munic\u00edpio de Sum\u00e9, Cariri Ocidental do Estado da Para\u00edba, tendo sido bolsista do PET (Programa de Educa\u00e7\u00e3o Tutorial) durante todo o curso, dentro do Projeto do Observat\u00f3rio de Pol\u00edticas P\u00fablicas, com participa\u00e7\u00e3o e atua\u00e7\u00e3o efetiva nas \u00e1reas de pesquisa e produ\u00e7\u00e3o, bem como, na apresenta\u00e7\u00e3o dos resultados nos mais diversos eventos locais, regionais e nacionais.<\/p>\n<p>Atualmente se especializa em Gest\u00e3o de Pol\u00edticas P\u00fablicas pela Universidade Federal de Campina Grande\/Centro de Desenvolvimento Sustent\u00e1vel do Semi\u00e1rido (CDSA), Campus Sum\u00e9, bem como, Gest\u00e3o Escolar: Administra\u00e7\u00e3o, Supervis\u00e3o e Orienta\u00e7\u00e3o pelo Instituto PROMINAS. Mestranda pelo Programa Regional em Desenvolvimento e Meio Ambiente (PRODEMA\/UFPB).<\/p>\n<p>Experi\u00eancia no servi\u00e7o p\u00fablico nas \u00e1reas de Comunica\u00e7\u00e3o Institucional, Compras Governamentais, Licita\u00e7\u00f5es, Conv\u00eanios e Presta\u00e7\u00e3o de Contas. Aprovada no primeiro concurso p\u00fablico para o Cargo de Gestor P\u00fablico do Estado da Para\u00edba (Edital 01\/2013\/Pref.de Sum\u00e9). Atuou como secret\u00e1ria de administra\u00e7\u00e3o da Prefeitura Municipal de Sum\u00e9, de junho\/2014 a dezembro\/2017.<\/p>\n<p><strong>CARIRI EM A\u00c7\u00c3O<\/strong><\/p>\n<p><strong>Leia mais not\u00edcias em\u00a0<a href=\"http:\/\/www.caririemacao.com\/\">caririemacao.com<\/a>, siga nossa p\u00e1gina no<a href=\"https:\/\/www.facebook.com\/CaririEmAcao\/\">\u00a0Facebook<\/a>\u00a0e\u00a0<a href=\"https:\/\/www.instagram.com\/cariri_em_acao\/?hl=pt-br\">Instagram<\/a>\u00a0veja nossas mat\u00e9rias e fotos. Voc\u00ea tamb\u00e9m pode enviar informa\u00e7\u00f5es \u00e0 Reda\u00e7\u00e3o do Portal Cariri em A\u00e7\u00e3o pelo WhatsApp (83) 9 9634.5791, (83) 9 9601-1162.<\/strong><\/p>\n","protected":false},"excerpt":{"rendered":"<p>O Conselho do Or\u00e7amento Democr\u00e1tico da 5\u00aa regi\u00e3o em conjunto com a Secretaria de Estado da Mulher e da Diversidade Humana do Governo da Para\u00edba&hellip; <\/p>\n","protected":false},"author":2,"featured_media":16890,"comment_status":"closed","ping_status":"closed","sticky":false,"template":"","format":"standard","meta":{"sfsi_plus_gutenberg_text_before_share":"","sfsi_plus_gutenberg_show_text_before_share":"","sfsi_plus_gutenberg_icon_type":"","sfsi_plus_gutenberg_icon_alignemt":"","sfsi_plus_gutenburg_max_per_row":"","footnotes":""},"categories":[6],"tags":[],"class_list":["post-16887","post","type-post","status-publish","format-standard","has-post-thumbnail","hentry","category-cidades"],"_links":{"self":[{"href":"https:\/\/www.caririemacao.com\/1\/wp-json\/wp\/v2\/posts\/16887","targetHints":{"allow":["GET"]}}],"collection":[{"href":"https:\/\/www.caririemacao.com\/1\/wp-json\/wp\/v2\/posts"}],"about":[{"href":"https:\/\/www.caririemacao.com\/1\/wp-json\/wp\/v2\/types\/post"}],"author":[{"embeddable":true,"href":"https:\/\/www.caririemacao.com\/1\/wp-json\/wp\/v2\/users\/2"}],"replies":[{"embeddable":true,"href":"https:\/\/www.caririemacao.com\/1\/wp-json\/wp\/v2\/comments?post=16887"}],"version-history":[{"count":0,"href":"https:\/\/www.caririemacao.com\/1\/wp-json\/wp\/v2\/posts\/16887\/revisions"}],"wp:featuredmedia":[{"embeddable":true,"href":"https:\/\/www.caririemacao.com\/1\/wp-json\/wp\/v2\/media\/16890"}],"wp:attachment":[{"href":"https:\/\/www.caririemacao.com\/1\/wp-json\/wp\/v2\/media?parent=16887"}],"wp:term":[{"taxonomy":"category","embeddable":true,"href":"https:\/\/www.caririemacao.com\/1\/wp-json\/wp\/v2\/categories?post=16887"},{"taxonomy":"post_tag","embeddable":true,"href":"https:\/\/www.caririemacao.com\/1\/wp-json\/wp\/v2\/tags?post=16887"}],"curies":[{"name":"wp","href":"https:\/\/api.w.org\/{rel}","templated":true}]}}