{"id":168884,"date":"2020-05-12T07:10:51","date_gmt":"2020-05-12T10:10:51","guid":{"rendered":"https:\/\/www.caririemacao.com\/1\/?p=168884"},"modified":"2020-05-12T07:10:51","modified_gmt":"2020-05-12T10:10:51","slug":"governador-joao-azevedo-aponta-dubiedade-no-ministerio-da-saude","status":"publish","type":"post","link":"https:\/\/www.caririemacao.com\/1\/2020\/05\/12\/governador-joao-azevedo-aponta-dubiedade-no-ministerio-da-saude\/","title":{"rendered":"Governador Jo\u00e3o Azevedo aponta dubiedade no Minist\u00e9rio da Sa\u00fade"},"content":{"rendered":"\n<h1 class=\"wp-block-heading\"><\/h1>\n\n\n\n<p>O governador paraibano Jo\u00e3o Azevedo (Cidadania) concedeu, no final de semana, uma entrevista ao jornal O Estado de S\u00e3o Paulo, na qual registrou que o aux\u00edlio emergencial aprovado pelo Congresso Nacional para estados e munic\u00edpios (R$ 60 bilh\u00f5es) \u00e9 \u201cmuito importante\u201d, mas n\u00e3o vai resolver todo o problema da queda de arrecada\u00e7\u00e3o dos entes federativos durante a pandemia do novo coronav\u00edrus.<\/p>\n\n\n\n<p>\u201cHavia uma necessidade real de ter uma ajuda. Vai resolver? N\u00e3o. Isso resolve talvez metade da queda de receita que os Estados ter\u00e3o, porque a exig\u00eancia de investimentos na \u00e1rea da sa\u00fade ser\u00e1 muito maior. Mas, ainda assim, \u00e9 uma ajuda importante que vem para aliviar um pouco o que os Estados precisam para esse momento\u201d, discorreu Azevedo.<\/p>\n\n\n\n<p>Azevedo declarou \u00e0 publica\u00e7\u00e3o que \u00e9 necess\u00e1ria uma mudan\u00e7a na forma de distribui\u00e7\u00e3o dos repasses da \u00e1rea da sa\u00fade do governo federal para os Estados durante a pandemia da covid-19.<\/p>\n\n\n\n<p>A libera\u00e7\u00e3o baseada em crit\u00e9rios de assist\u00eancia de m\u00e9dia e alta complexidade, na vis\u00e3o de Jo\u00e3o, funciona em condi\u00e7\u00f5es normais, mas n\u00e3o em uma pandemia.<\/p>\n\n\n\n<p>Azevedo avaliou que houve perda de continuidade no Minist\u00e9rio da Sa\u00fade com a troca de comando durante a pandemia do novo coronav\u00edrus.<\/p>\n\n\n\n<p>\u201cHouve solu\u00e7\u00e3o de continuidade e era at\u00e9 natural que houvesse. Entretanto, esper\u00e1vamos que aquilo que tinha sido definido anteriormente pudesse rapidamente ser retomado, e n\u00f3s n\u00e3o estamos percebendo isso. Essa \u00e9 a grande verdade\u201d, verbalizou.<\/p>\n\n\n\n<p>O governador avan\u00e7ou no tema da troca de ministros na Pasta da Sa\u00fade: \u201cA pr\u00f3pria orienta\u00e7\u00e3o, a fala do ministro (Nelson Teich) \u00e9 d\u00fabia, \u2018mant\u00e9m o isolamento, depois n\u00e3o, eu falo de afastamento\u2019. N\u00e3o, n\u00e3o tem essa coisa de afastamento. \u00c9 isolamento mesmo\u2026 (dias atr\u00e1s) ele falou de um plano para que algumas regi\u00f5es promovam lockdown (fechamento total de cidades). Mas, cad\u00ea esse plano? Qual \u00e9 a orienta\u00e7\u00e3o do Minist\u00e9rio? Hoje, est\u00e1 faltando muito isso\u201d.<\/p>\n\n\n\n<p>Ele informou que os governadores do Cons\u00f3rcio do Nordeste t\u00eam buscado comprar respiradores da China, Europa, e agora, a ideia \u00e9 buscar tamb\u00e9m na Turquia.<\/p>\n\n\n\n<p>Sobre a situa\u00e7\u00e3o interna na Para\u00edba, Jo\u00e3o disse ao jornal que \u201cestamos monitorando diariamente o n\u00famero de casos e se houver necessidade n\u00f3s vamos, sim, pedir autoriza\u00e7\u00e3o para promover lockdown, pelo menos na regi\u00e3o metropolitana de Jo\u00e3o Pessoa. Mas, isso s\u00f3 ser\u00e1 solicitado se n\u00fameros continuarem aumentando\u201d.<\/p>\n\n\n\n<p>Azevedo disse ao \u00b4Estad\u00e3o\u00b4 que \u201c\u00e9 extremamente preocupante a situa\u00e7\u00e3o hoje, n\u00e3o s\u00f3 dos Estados do Nordeste, mas do Brasil como um todo. Estamos diante de uma situa\u00e7\u00e3o que \u00e9 grave e ao mesmo tempo sem uma grande coordena\u00e7\u00e3o nacional que pudesse conduzir todo esse processo\u201d.<\/p>\n","protected":false},"excerpt":{"rendered":"<p>O governador paraibano Jo\u00e3o Azevedo (Cidadania) concedeu, no final de semana, uma entrevista ao jornal O Estado de S\u00e3o Paulo, na qual registrou que o&hellip; <\/p>\n","protected":false},"author":2,"featured_media":168885,"comment_status":"closed","ping_status":"closed","sticky":false,"template":"","format":"standard","meta":{"sfsi_plus_gutenberg_text_before_share":"","sfsi_plus_gutenberg_show_text_before_share":"","sfsi_plus_gutenberg_icon_type":"","sfsi_plus_gutenberg_icon_alignemt":"","sfsi_plus_gutenburg_max_per_row":"","footnotes":""},"categories":[2],"tags":[],"class_list":["post-168884","post","type-post","status-publish","format-standard","has-post-thumbnail","hentry","category-geral"],"_links":{"self":[{"href":"https:\/\/www.caririemacao.com\/1\/wp-json\/wp\/v2\/posts\/168884","targetHints":{"allow":["GET"]}}],"collection":[{"href":"https:\/\/www.caririemacao.com\/1\/wp-json\/wp\/v2\/posts"}],"about":[{"href":"https:\/\/www.caririemacao.com\/1\/wp-json\/wp\/v2\/types\/post"}],"author":[{"embeddable":true,"href":"https:\/\/www.caririemacao.com\/1\/wp-json\/wp\/v2\/users\/2"}],"replies":[{"embeddable":true,"href":"https:\/\/www.caririemacao.com\/1\/wp-json\/wp\/v2\/comments?post=168884"}],"version-history":[{"count":1,"href":"https:\/\/www.caririemacao.com\/1\/wp-json\/wp\/v2\/posts\/168884\/revisions"}],"predecessor-version":[{"id":168886,"href":"https:\/\/www.caririemacao.com\/1\/wp-json\/wp\/v2\/posts\/168884\/revisions\/168886"}],"wp:featuredmedia":[{"embeddable":true,"href":"https:\/\/www.caririemacao.com\/1\/wp-json\/wp\/v2\/media\/168885"}],"wp:attachment":[{"href":"https:\/\/www.caririemacao.com\/1\/wp-json\/wp\/v2\/media?parent=168884"}],"wp:term":[{"taxonomy":"category","embeddable":true,"href":"https:\/\/www.caririemacao.com\/1\/wp-json\/wp\/v2\/categories?post=168884"},{"taxonomy":"post_tag","embeddable":true,"href":"https:\/\/www.caririemacao.com\/1\/wp-json\/wp\/v2\/tags?post=168884"}],"curies":[{"name":"wp","href":"https:\/\/api.w.org\/{rel}","templated":true}]}}