{"id":168887,"date":"2020-05-12T07:12:55","date_gmt":"2020-05-12T10:12:55","guid":{"rendered":"https:\/\/www.caririemacao.com\/1\/?p=168887"},"modified":"2020-05-12T07:12:55","modified_gmt":"2020-05-12T10:12:55","slug":"ja-sao-mais-de-25-mil-casos-confirmados-de-coronavirus-na-paraiba","status":"publish","type":"post","link":"https:\/\/www.caririemacao.com\/1\/2020\/05\/12\/ja-sao-mais-de-25-mil-casos-confirmados-de-coronavirus-na-paraiba\/","title":{"rendered":"J\u00e1 s\u00e3o mais de 2,5 mil casos confirmados de coronav\u00edrus na Para\u00edba"},"content":{"rendered":"\n<h1 class=\"wp-block-heading\"><\/h1>\n\n\n\n<p>J\u00e1 s\u00e3o mais de 2,5 mil casos confirmados de coronav\u00edrus na Para\u00edba, de acordo com o Boletim Epidemiol\u00f3gico divulgado pela Secretaria de Estado da Sa\u00fade nesta segunda-feira (11).<\/p>\n\n\n\n<p>S\u00e3o 184 novos casos, quando comparado com os dados de ontem.<\/p>\n\n\n\n<p>A Secretaria registrou o falecimento de 139 pessoas e a recupera\u00e7\u00e3o de 537. Outros 2.785 casos investigados j\u00e1 foram descartados para Covid-19.<img decoding=\"async\" data-src=\"https:\/\/paraibaonline.com.br\/wp-content\/uploads\/2020\/04\/teste-coronav%C3%ADrus-paraiba-2-567x378.jpg\" alt=\"Foto: Secom\/PB\" data-srcset=\"https:\/\/paraibaonline.com.br\/wp-content\/uploads\/2020\/04\/teste-coronav\u00edrus-paraiba-2-567x378.jpg 567w, https:\/\/paraibaonline.com.br\/wp-content\/uploads\/2020\/04\/teste-coronav\u00edrus-paraiba-2-900x600.jpg 900w, https:\/\/paraibaonline.com.br\/wp-content\/uploads\/2020\/04\/teste-coronav\u00edrus-paraiba-2.jpg 1000w\" src=\"data:image\/svg+xml;base64,PHN2ZyB3aWR0aD0iMSIgaGVpZ2h0PSIxIiB4bWxucz0iaHR0cDovL3d3dy53My5vcmcvMjAwMC9zdmciPjwvc3ZnPg==\" class=\"lazyload\" style=\"--smush-placeholder-width: 567px; --smush-placeholder-aspect-ratio: 567\/378;\"><\/p>\n\n\n\n<p>Foto: Secom\/PB<\/p>\n\n\n\n<p>De acordo com o boletim, a informa\u00e7\u00e3o foi obtida a partir de informa\u00e7\u00f5es das Secretarias Municipais de Sa\u00fade.<\/p>\n\n\n\n<p>\u201cDos leitos de UTI para adultos ativados em todo o Estado, 59% est\u00e3o ocupados\u201d, aponta o documento.<\/p>\n\n\n\n<p>Os casos confirmados est\u00e3o em&nbsp; 109 munic\u00edpios paraibanos:<\/p>\n\n\n\n<p>Alagoa Grande (6); Alagoa Nova (1); Alagoinha (5); Alhandra (32); Ara\u00e7agi (4); Areia (4); Aroeiras (2); Baia da Trai\u00e7\u00e3o (4); Bananeiras (1); Barra de Santana (2); Barra de S\u00e3o Miguel (1); Bayeux (69); Bom Jesus (1); Boqueir\u00e3o (1); Borborema&nbsp; (1);&nbsp; Brejo do Cruz (1); Caapor\u00e3 (54); Cabedelo (98); Cai\u00e7ara (2); Cajazeiras (19); Cajazeirinhas (1) Campina Grande (125); Capim (4);&nbsp; Casserengue (1); Catingueira (1); Condado (11);&nbsp; Conde (21); Congo (3); Coremas (4); Coxixola (3); Cruz do Esp\u00edrito Santo (21); Cuit\u00e9 de Mamanguape (1); Cuiteg\u00ed (4); Duas Estradas (1); Esperan\u00e7a (4); Gado Bravo (1);&nbsp; Guarabira (89); Gurinh\u00e9m (4); Igaracy (1); Imaculada (3); Ing\u00e1 (1); Itabaiana (8); Itaporanga (2); Itapororoca (5); Jo\u00e3o Pessoa (1230); Joca Claudino (1); Juarez T\u00e1vora (1); Juazeirinho (5);&nbsp; Junco do Serid\u00f3 (3); Juripiranga (4);&nbsp; Lagoa de Dentro (1); Lagoa Seca (4); Lucena (12); Malta (1); Mamanguape (7); Mari (26); Mariz\u00f3polis (3); Massaranduba (2); Mataraca (1); Matinhas (1); Matureia (1);&nbsp; Monteiro (2); Mulungu (3); Natuba (1); Nova Floresta (1) Patos (109); Pedras de Fogo (26); Pianc\u00f3 (4); Pilar (7); Pil\u00f5es (1); Pil\u00f5ezinhos (6); Pirpirituba (5); Pitimbu (7); Pocinhos (1);&nbsp; Pombal (2); Princesa Isabel (3); Puxinan\u00e3 (1);&nbsp; Queimadas (6); Rem\u00edgio (6); Riach\u00e3o do Bacamarte (3);&nbsp; Riach\u00e3o do Po\u00e7o (1); Riacho dos Cavalos (2); Rio Tinto (13); Santa Helena (1); Santa Luzia (1); Santa Rita (217); Santa Terezinha (1); S\u00e3o Bento (8); S\u00e3o Jo\u00e3o do Rio do Peixe (6); S\u00e3o Jos\u00e9 de Espinharas (1); S\u00e3o Jos\u00e9 de Piranhas (2); S\u00e3o Jos\u00e9 do Bonfim (1); S\u00e3o Jos\u00e9 do Sabugi (3); S\u00e3o Jos\u00e9 dos Ramos (2); S\u00e3o Miguel de Taipu (2); S\u00e3o Sebasti\u00e3o de Lagoa de Ro\u00e7a (3); Sap\u00e9 (69); Serra Branca (1); Serra da Raiz (3); Serra Redonda (2); Sert\u00e3ozinho (2); Sobrado (2); Soledade (2); Sousa (31); Tacima (2); Tapero\u00e1 (19); Teixeira (1);&nbsp; Uira\u00fana (1); Umbuzeiro (2).<\/p>\n\n\n\n<p>04 \u00f3bitos foram confirmados nas \u00faltimas 24h:<\/p>\n\n\n\n<p>Mulher, adulta, 54 anos, com comorbidade, obesidade, residente em Mari, inicio dos sintomas no dia 01\/05\/2020, interna&nbsp; em hospital p\u00fablico e veio a \u00f3bito no dia 10\/05\/2020.<\/p>\n\n\n\n<p>Mulher, idosa, 67 anos, sem&nbsp; comorbidade avaliada, residente em Sousa, inicio dos sintomas no dia 29\/04\/2020, interna&nbsp; em hospital p\u00fablico e veio a \u00f3bito no dia 11\/05\/2020.<\/p>\n\n\n\n<p>Mulher, idosa, 69 anos, com comorbidade, Diab\u00e9tica, Hipertensa, residente em Jo\u00e3o Pessoa, inicio dos sintomas no dia 25\/04\/2020, interna em hospital privado e veio a \u00f3bito no dia 07\/05\/2020.<\/p>\n\n\n\n<p>Homem, idoso, 74 anos, com comorbidade, Diab\u00e9tico, residente em Patos, inicio dos sintomas no dia 30\/04\/2020, paciente esteve interno, foi a&nbsp; \u00f3bito no dia 09\/05\/2020.<\/p>\n\n\n\n<p>Os dados epidemiol\u00f3gicos e de ocupa\u00e7\u00e3o de leitos podem ser acompanhados em&nbsp;<a href=\"http:\/\/paraiba.pb.gov.br\/coronavirus\" target=\"_blank\" rel=\"noreferrer noopener\">paraiba.pb.gov.br\/coronavirus<\/a><\/p>\n","protected":false},"excerpt":{"rendered":"<p>J\u00e1 s\u00e3o mais de 2,5 mil casos confirmados de coronav\u00edrus na Para\u00edba, de acordo com o Boletim Epidemiol\u00f3gico divulgado pela Secretaria de Estado da Sa\u00fade&hellip; <\/p>\n","protected":false},"author":2,"featured_media":168679,"comment_status":"closed","ping_status":"closed","sticky":false,"template":"","format":"standard","meta":{"sfsi_plus_gutenberg_text_before_share":"","sfsi_plus_gutenberg_show_text_before_share":"","sfsi_plus_gutenberg_icon_type":"","sfsi_plus_gutenberg_icon_alignemt":"","sfsi_plus_gutenburg_max_per_row":"","footnotes":""},"categories":[16],"tags":[],"class_list":["post-168887","post","type-post","status-publish","format-standard","has-post-thumbnail","hentry","category-saude"],"_links":{"self":[{"href":"https:\/\/www.caririemacao.com\/1\/wp-json\/wp\/v2\/posts\/168887","targetHints":{"allow":["GET"]}}],"collection":[{"href":"https:\/\/www.caririemacao.com\/1\/wp-json\/wp\/v2\/posts"}],"about":[{"href":"https:\/\/www.caririemacao.com\/1\/wp-json\/wp\/v2\/types\/post"}],"author":[{"embeddable":true,"href":"https:\/\/www.caririemacao.com\/1\/wp-json\/wp\/v2\/users\/2"}],"replies":[{"embeddable":true,"href":"https:\/\/www.caririemacao.com\/1\/wp-json\/wp\/v2\/comments?post=168887"}],"version-history":[{"count":1,"href":"https:\/\/www.caririemacao.com\/1\/wp-json\/wp\/v2\/posts\/168887\/revisions"}],"predecessor-version":[{"id":168888,"href":"https:\/\/www.caririemacao.com\/1\/wp-json\/wp\/v2\/posts\/168887\/revisions\/168888"}],"wp:featuredmedia":[{"embeddable":true,"href":"https:\/\/www.caririemacao.com\/1\/wp-json\/wp\/v2\/media\/168679"}],"wp:attachment":[{"href":"https:\/\/www.caririemacao.com\/1\/wp-json\/wp\/v2\/media?parent=168887"}],"wp:term":[{"taxonomy":"category","embeddable":true,"href":"https:\/\/www.caririemacao.com\/1\/wp-json\/wp\/v2\/categories?post=168887"},{"taxonomy":"post_tag","embeddable":true,"href":"https:\/\/www.caririemacao.com\/1\/wp-json\/wp\/v2\/tags?post=168887"}],"curies":[{"name":"wp","href":"https:\/\/api.w.org\/{rel}","templated":true}]}}