{"id":168893,"date":"2020-05-12T07:18:31","date_gmt":"2020-05-12T10:18:31","guid":{"rendered":"https:\/\/www.caririemacao.com\/1\/?p=168893"},"modified":"2020-05-12T07:18:31","modified_gmt":"2020-05-12T10:18:31","slug":"ministerio-da-saude-apresenta-esboco-de-diretrizes-para-distanciamento-social","status":"publish","type":"post","link":"https:\/\/www.caririemacao.com\/1\/2020\/05\/12\/ministerio-da-saude-apresenta-esboco-de-diretrizes-para-distanciamento-social\/","title":{"rendered":"Minist\u00e9rio da Sa\u00fade apresenta esbo\u00e7o de diretrizes para distanciamento social"},"content":{"rendered":"\n<h1 class=\"wp-block-heading\"><\/h1>\n\n\n\n<p>O Minist\u00e9rio da Sa\u00fade divulgou hoje as novas diretrizes para orientar a defini\u00e7\u00e3o de medidas de distanciamento social.<\/p>\n\n\n\n<p>As propostas, batizadas em torno do que foi chamado de \u201cplano de gest\u00e3o de risco\u201d, servem como um guia de an\u00e1lise da situa\u00e7\u00e3o de cada estado ou cidade para definir as medidas de distanciamento social e estrat\u00e9gias complementares.<\/p>\n\n\n\n<p>Ser\u00e3o avaliados quatro eixos: a capacidade instalada de tratamento, o n\u00edvel epidemiol\u00f3gico, a velocidade de crescimento e as condi\u00e7\u00f5es de mobilidade urbana.<img decoding=\"async\" data-src=\"https:\/\/paraibaonline.com.br\/wp-content\/uploads\/2020\/05\/grafico-ms-567x286.jpg\" alt=\"Foto: Reprodu\u00e7\u00e3o\/Minist\u00e9rio da Sa\u00fade\" data-srcset=\"https:\/\/paraibaonline.com.br\/wp-content\/uploads\/2020\/05\/grafico-ms-567x286.jpg 567w, https:\/\/paraibaonline.com.br\/wp-content\/uploads\/2020\/05\/grafico-ms.jpg 754w\" src=\"data:image\/svg+xml;base64,PHN2ZyB3aWR0aD0iMSIgaGVpZ2h0PSIxIiB4bWxucz0iaHR0cDovL3d3dy53My5vcmcvMjAwMC9zdmciPjwvc3ZnPg==\" class=\"lazyload\" style=\"--smush-placeholder-width: 567px; --smush-placeholder-aspect-ratio: 567\/286;\"><\/p>\n\n\n\n<p>Foto: Reprodu\u00e7\u00e3o\/Minist\u00e9rio da Sa\u00fade<\/p>\n\n\n\n<p>Na capacidade instalada, estar\u00e3o aspectos como quantidade e taxa de ocupa\u00e7\u00e3o de leitos. Os detalhes sobre os eixos n\u00e3o foram divulgados.<\/p>\n\n\n\n<p>O ministro da Sa\u00fade, Nelson Teich, afirmou que os crit\u00e9rios ser\u00e3o apresentados de forma completa na quarta-feira, quando a vers\u00e3o final dever\u00e1 ser anunciada.<\/p>\n\n\n\n<p>Cada grupo possui indicadores que geram uma pontua\u00e7\u00e3o, que come\u00e7a de 0 e pode chegar a 20 pontos no caso de um dos eixos. Com isso, s\u00e3o avaliados os n\u00edveis de risco, de muito baixos a muito altos. A partir dessa classifica\u00e7\u00e3o de riscos s\u00e3o indicados tipos de distanciamento social: seletivo I e II, ampliado I e II e restri\u00e7\u00e3o m\u00e1xima.<\/p>\n\n\n\n<p>Foto: Ag\u00eancia Brasil<\/p>\n\n\n\n<p>\u201cN\u00e3o \u00e9 uma pol\u00edtica de isolamento nem de flexibiliza\u00e7\u00e3o. \u00c9 an\u00e1lise de cada local e a partir delas definimos as a\u00e7\u00f5es que consideramos ideais. Isso \u00e9 diretriz. As decis\u00f5es cabem aos estados e munic\u00edpios. O que o MS faz \u00e9 disponibilizar uma linha de avalia\u00e7\u00e3o adequada. Vai estar sempre dispon\u00edvel pra discutir com qualquer secret\u00e1rio estadual ou municipal para ajudar na interpreta\u00e7\u00e3o da ferramenta e vamos trabalhar junto\u201d, declarou o ministro Nelson Teich.<\/p>\n\n\n\n<p>De acordo com o ministro, esse tipo de ferramenta j\u00e1 est\u00e1 sendo adotada em outros lugares. Ele citou como exemplo o Rio Grande do Sul.<\/p>\n\n\n\n<p>Em entrevista no Pal\u00e1cio do Planalto, o ministro da Sa\u00fade, Nelson Teich, afirmou que o trabalho foi feito em parceria com os secret\u00e1rios estaduais e municipais de sa\u00fade.<\/p>\n\n\n\n<p>Segundo ele, as autoridades locais cobraram em reuni\u00e3o na semana passada essas orienta\u00e7\u00f5es. Uma nova vers\u00e3o, definitiva, ser\u00e1 apresentada na quarta-feira ap\u00f3s uma nova rodada de conversas com estados e munic\u00edpio.<\/p>\n\n\n\n<p>O titular da pasta ressaltou que nas reuni\u00f5es entre o governo e secret\u00e1rios teria havido uma pacifica\u00e7\u00e3o sobre a proposta. Ele se disse surpreso de questionamentos de secret\u00e1rios estaduais manifestados em reportagens na imprensa publicada hoje.<\/p>\n","protected":false},"excerpt":{"rendered":"<p>O Minist\u00e9rio da Sa\u00fade divulgou hoje as novas diretrizes para orientar a defini\u00e7\u00e3o de medidas de distanciamento social. As propostas, batizadas em torno do que&hellip; <\/p>\n","protected":false},"author":2,"featured_media":168894,"comment_status":"closed","ping_status":"closed","sticky":false,"template":"","format":"standard","meta":{"sfsi_plus_gutenberg_text_before_share":"","sfsi_plus_gutenberg_show_text_before_share":"","sfsi_plus_gutenberg_icon_type":"","sfsi_plus_gutenberg_icon_alignemt":"","sfsi_plus_gutenburg_max_per_row":"","footnotes":""},"categories":[16],"tags":[],"class_list":["post-168893","post","type-post","status-publish","format-standard","has-post-thumbnail","hentry","category-saude"],"_links":{"self":[{"href":"https:\/\/www.caririemacao.com\/1\/wp-json\/wp\/v2\/posts\/168893","targetHints":{"allow":["GET"]}}],"collection":[{"href":"https:\/\/www.caririemacao.com\/1\/wp-json\/wp\/v2\/posts"}],"about":[{"href":"https:\/\/www.caririemacao.com\/1\/wp-json\/wp\/v2\/types\/post"}],"author":[{"embeddable":true,"href":"https:\/\/www.caririemacao.com\/1\/wp-json\/wp\/v2\/users\/2"}],"replies":[{"embeddable":true,"href":"https:\/\/www.caririemacao.com\/1\/wp-json\/wp\/v2\/comments?post=168893"}],"version-history":[{"count":1,"href":"https:\/\/www.caririemacao.com\/1\/wp-json\/wp\/v2\/posts\/168893\/revisions"}],"predecessor-version":[{"id":168895,"href":"https:\/\/www.caririemacao.com\/1\/wp-json\/wp\/v2\/posts\/168893\/revisions\/168895"}],"wp:featuredmedia":[{"embeddable":true,"href":"https:\/\/www.caririemacao.com\/1\/wp-json\/wp\/v2\/media\/168894"}],"wp:attachment":[{"href":"https:\/\/www.caririemacao.com\/1\/wp-json\/wp\/v2\/media?parent=168893"}],"wp:term":[{"taxonomy":"category","embeddable":true,"href":"https:\/\/www.caririemacao.com\/1\/wp-json\/wp\/v2\/categories?post=168893"},{"taxonomy":"post_tag","embeddable":true,"href":"https:\/\/www.caririemacao.com\/1\/wp-json\/wp\/v2\/tags?post=168893"}],"curies":[{"name":"wp","href":"https:\/\/api.w.org\/{rel}","templated":true}]}}