{"id":168897,"date":"2020-05-12T07:21:59","date_gmt":"2020-05-12T10:21:59","guid":{"rendered":"https:\/\/www.caririemacao.com\/1\/?p=168897"},"modified":"2020-05-12T07:21:59","modified_gmt":"2020-05-12T10:21:59","slug":"crise-do-coronavirus-leva-15-milhao-de-brasileiros-ao-seguro-desemprego","status":"publish","type":"post","link":"https:\/\/www.caririemacao.com\/1\/2020\/05\/12\/crise-do-coronavirus-leva-15-milhao-de-brasileiros-ao-seguro-desemprego\/","title":{"rendered":"Crise do coronav\u00edrus leva 1,5 milh\u00e3o de brasileiros ao seguro-desemprego"},"content":{"rendered":"\n<h1 class=\"wp-block-heading\"><\/h1>\n\n\n\n<p> Com a crise provocada pelo novo coronav\u00edrus, 1,5 milh\u00e3o de trabalhadores formais foram demitidos em mar\u00e7o e abril deste ano e passaram a ter direito ao seguro-desemprego. O n\u00famero representa um salto de 31% em compara\u00e7\u00e3o com o mesmo per\u00edodo de 2019.<\/p>\n\n\n\n<p>Dados divulgados pelo Minist\u00e9rio da Economia nesta segunda-feira (11) mostram que as demiss\u00f5es se intensificaram mesmo ap\u00f3s o programa implementado pelo governo que autoriza a redu\u00e7\u00e3o tempor\u00e1ria de contratos para evitar desligamentos.<\/p>\n\n\n\n<p>Segundo o minist\u00e9rio, foram 537 mil pedidos de seguro-desemprego em mar\u00e7o deste ano e 748 mil em abril.<\/p>\n\n\n\n<p>H\u00e1 ainda um represamento estimado de 250 mil pessoas que perderam seus empregos ao longo dos dois meses e est\u00e3o aptas ao aux\u00edlio, mas ainda n\u00e3o fizeram a solicita\u00e7\u00e3o.<\/p>\n","protected":false},"excerpt":{"rendered":"<p>Com a crise provocada pelo novo coronav\u00edrus, 1,5 milh\u00e3o de trabalhadores formais foram demitidos em mar\u00e7o e abril deste ano e passaram a ter direito&hellip; <\/p>\n","protected":false},"author":2,"featured_media":168898,"comment_status":"closed","ping_status":"closed","sticky":false,"template":"","format":"standard","meta":{"sfsi_plus_gutenberg_text_before_share":"","sfsi_plus_gutenberg_show_text_before_share":"","sfsi_plus_gutenberg_icon_type":"","sfsi_plus_gutenberg_icon_alignemt":"","sfsi_plus_gutenburg_max_per_row":"","footnotes":""},"categories":[2],"tags":[],"class_list":["post-168897","post","type-post","status-publish","format-standard","has-post-thumbnail","hentry","category-geral"],"_links":{"self":[{"href":"https:\/\/www.caririemacao.com\/1\/wp-json\/wp\/v2\/posts\/168897","targetHints":{"allow":["GET"]}}],"collection":[{"href":"https:\/\/www.caririemacao.com\/1\/wp-json\/wp\/v2\/posts"}],"about":[{"href":"https:\/\/www.caririemacao.com\/1\/wp-json\/wp\/v2\/types\/post"}],"author":[{"embeddable":true,"href":"https:\/\/www.caririemacao.com\/1\/wp-json\/wp\/v2\/users\/2"}],"replies":[{"embeddable":true,"href":"https:\/\/www.caririemacao.com\/1\/wp-json\/wp\/v2\/comments?post=168897"}],"version-history":[{"count":1,"href":"https:\/\/www.caririemacao.com\/1\/wp-json\/wp\/v2\/posts\/168897\/revisions"}],"predecessor-version":[{"id":168899,"href":"https:\/\/www.caririemacao.com\/1\/wp-json\/wp\/v2\/posts\/168897\/revisions\/168899"}],"wp:featuredmedia":[{"embeddable":true,"href":"https:\/\/www.caririemacao.com\/1\/wp-json\/wp\/v2\/media\/168898"}],"wp:attachment":[{"href":"https:\/\/www.caririemacao.com\/1\/wp-json\/wp\/v2\/media?parent=168897"}],"wp:term":[{"taxonomy":"category","embeddable":true,"href":"https:\/\/www.caririemacao.com\/1\/wp-json\/wp\/v2\/categories?post=168897"},{"taxonomy":"post_tag","embeddable":true,"href":"https:\/\/www.caririemacao.com\/1\/wp-json\/wp\/v2\/tags?post=168897"}],"curies":[{"name":"wp","href":"https:\/\/api.w.org\/{rel}","templated":true}]}}