{"id":168901,"date":"2020-05-12T07:24:38","date_gmt":"2020-05-12T10:24:38","guid":{"rendered":"https:\/\/www.caririemacao.com\/1\/?p=168901"},"modified":"2020-05-12T07:24:38","modified_gmt":"2020-05-12T10:24:38","slug":"em-entrevista-a-cnn-joao-azevedo-descarta-chance-de-lockdown-e-avalia-que-a-paraiba-esta-longe-de-sair-do-isolamento-social","status":"publish","type":"post","link":"https:\/\/www.caririemacao.com\/1\/2020\/05\/12\/em-entrevista-a-cnn-joao-azevedo-descarta-chance-de-lockdown-e-avalia-que-a-paraiba-esta-longe-de-sair-do-isolamento-social\/","title":{"rendered":"Em entrevista \u00e0 CNN, Jo\u00e3o Azev\u00eado descarta chance de lockdown e avalia que a Para\u00edba est\u00e1 longe de sair do isolamento social"},"content":{"rendered":"\n<h1 class=\"wp-block-heading\"><\/h1>\n\n\n\n<p>Em entrevista \u00e0 CNN, no notici\u00e1rio 360\u00ba,&nbsp;na tarde desta segunda-feira (11), o governador da Para\u00edba, Jo\u00e3o Azev\u00eado descartou a&nbsp;chance de lockdown &#8211; medida que radicaliza o fechamento de cidades&nbsp;e disse que&nbsp;a Para\u00edba est\u00e1 longe de sair do isolamento social, se referindo ao aumento di\u00e1rio de mortes causadas pela Covid-19.&nbsp;&#8220;A Para\u00edba levou 42 dias para 1000 casos,&nbsp;depois oito dias chegou a&nbsp;2 mil casos e em&nbsp;5 dias poder\u00e1 chegar a&nbsp;3 mil casos. Ent\u00e3o&nbsp;seria uma imprud\u00eancia,&nbsp;neste momento,&nbsp;flexibilizar alguma coisa.&#8221;<\/p>\n\n\n\n<p>Ao ser questionado sobre a possibilidade de retorno das atividades normais, ele criticou a baixa ades\u00e3o da popula\u00e7\u00e3o ao isolamento e tamb\u00e9m mostrou que as pol\u00edticas de enfrentamento \u00e0 pandemia tendem a perdurar. &#8220;S\u00f3 ser\u00e1 poss\u00edvel flexibilizar alguma medida&nbsp;quando houver diminui\u00e7\u00e3o de casos por dias, quando n\u00f3s tivermos um n\u00famero de isolamento que justifique isso e quando nos tivermos um n\u00famero de leitos que d\u00ea possibilidade para isso&#8221;, avaliou.<\/p>\n\n\n\n<p>&#8220;N\u00f3s estamos subindo uma ladeira, quando estivermos descendo poderemos flexibilizar. Vale ressaltar que as ind\u00fastrias continuam funcionando, n\u00f3s temos flexibilizado desde o in\u00edcio, algumas \u00e1reas do segmento como parte do com\u00e9rcio que continua funcionando como padarias, farm\u00e1cias, supermercados, entre outros.&nbsp;Ainda existe um score muito baixo de isolamento social e por todos os motivos j\u00e1 mencionados \u00e9 que estamos longe de sair desse cen\u00e1rio&#8221;, considerou.<\/p>\n\n\n\n<p>Para o govenador, o Brasil n\u00e3o tem condi\u00e7\u00f5es de implementar um lockdown, como feito na Europa, uma vez que se precisaria de toda uma estrutura como For\u00e7as Armadas e demais poderes, no entanto, ele refor\u00e7a que n\u00e3o existe um discurso unificado para tal feito, diferentemente do que se viu no velho mundo. &#8220;Sabemos que o lookdawn da Europa n\u00e3o funciona no Brasil, pois se precisaria&nbsp;de toda uma estrutura de for\u00e7as armadas e outros segmentos&nbsp;para ajudar nesse processo. No entanto se precisaria de um discurso unificardo, situa\u00e7\u00e3o em que n\u00e3o temos em nosso pa\u00eds&#8221;.<\/p>\n","protected":false},"excerpt":{"rendered":"<p>Em entrevista \u00e0 CNN, no notici\u00e1rio 360\u00ba,&nbsp;na tarde desta segunda-feira (11), o governador da Para\u00edba, Jo\u00e3o Azev\u00eado descartou a&nbsp;chance de lockdown &#8211; medida que radicaliza&hellip; <\/p>\n","protected":false},"author":2,"featured_media":168902,"comment_status":"closed","ping_status":"closed","sticky":false,"template":"","format":"standard","meta":{"sfsi_plus_gutenberg_text_before_share":"","sfsi_plus_gutenberg_show_text_before_share":"","sfsi_plus_gutenberg_icon_type":"","sfsi_plus_gutenberg_icon_alignemt":"","sfsi_plus_gutenburg_max_per_row":"","footnotes":""},"categories":[2],"tags":[],"class_list":["post-168901","post","type-post","status-publish","format-standard","has-post-thumbnail","hentry","category-geral"],"_links":{"self":[{"href":"https:\/\/www.caririemacao.com\/1\/wp-json\/wp\/v2\/posts\/168901","targetHints":{"allow":["GET"]}}],"collection":[{"href":"https:\/\/www.caririemacao.com\/1\/wp-json\/wp\/v2\/posts"}],"about":[{"href":"https:\/\/www.caririemacao.com\/1\/wp-json\/wp\/v2\/types\/post"}],"author":[{"embeddable":true,"href":"https:\/\/www.caririemacao.com\/1\/wp-json\/wp\/v2\/users\/2"}],"replies":[{"embeddable":true,"href":"https:\/\/www.caririemacao.com\/1\/wp-json\/wp\/v2\/comments?post=168901"}],"version-history":[{"count":1,"href":"https:\/\/www.caririemacao.com\/1\/wp-json\/wp\/v2\/posts\/168901\/revisions"}],"predecessor-version":[{"id":168903,"href":"https:\/\/www.caririemacao.com\/1\/wp-json\/wp\/v2\/posts\/168901\/revisions\/168903"}],"wp:featuredmedia":[{"embeddable":true,"href":"https:\/\/www.caririemacao.com\/1\/wp-json\/wp\/v2\/media\/168902"}],"wp:attachment":[{"href":"https:\/\/www.caririemacao.com\/1\/wp-json\/wp\/v2\/media?parent=168901"}],"wp:term":[{"taxonomy":"category","embeddable":true,"href":"https:\/\/www.caririemacao.com\/1\/wp-json\/wp\/v2\/categories?post=168901"},{"taxonomy":"post_tag","embeddable":true,"href":"https:\/\/www.caririemacao.com\/1\/wp-json\/wp\/v2\/tags?post=168901"}],"curies":[{"name":"wp","href":"https:\/\/api.w.org\/{rel}","templated":true}]}}