{"id":168904,"date":"2020-05-12T07:26:26","date_gmt":"2020-05-12T10:26:26","guid":{"rendered":"https:\/\/www.caririemacao.com\/1\/?p=168904"},"modified":"2020-05-12T07:26:26","modified_gmt":"2020-05-12T10:26:26","slug":"bolsonaro-inclui-academias-saloes-de-beleza-e-barbearias-em-servicos-essenciais-durante-pandemia","status":"publish","type":"post","link":"https:\/\/www.caririemacao.com\/1\/2020\/05\/12\/bolsonaro-inclui-academias-saloes-de-beleza-e-barbearias-em-servicos-essenciais-durante-pandemia\/","title":{"rendered":"Bolsonaro inclui academias, sal\u00f5es de beleza e barbearias em servi\u00e7os essenciais durante pandemia"},"content":{"rendered":"\n<h1 class=\"wp-block-heading\"><\/h1>\n\n\n\n<p>A declara\u00e7\u00e3o foi dada pelo presidente no fim da tarde, ao chegar ao Pal\u00e1cio do Alvorada.<\/p>\n\n\n\n<p>&#8220;Coloquei hoje, porque sa\u00fade \u00e9 vida: academias, sal\u00e3o de beleza e cabeleireiro, tamb\u00e9m. Higiene \u00e9 vida. S\u00f3 tr\u00eas [foram definidas] hoje&#8221;, disse o presidente.<br>Bolsonaro afirmou que as defini\u00e7\u00f5es devem constar em edi\u00e7\u00e3o extra do Di\u00e1rio Oficial da Uni\u00e3o. O presidente afirmou que j\u00e1 tem outras atividades em mente para listar como servi\u00e7os essenciais, mas vai aguardar um pouco mais para anunci\u00e1-las.<\/p>\n\n\n\n<p>&#8220;Essas tr\u00eas categorias ajudam mais de um milh\u00e3o de empregos&#8221;, disse Bolsonaro.<\/p>\n","protected":false},"excerpt":{"rendered":"<p>A declara\u00e7\u00e3o foi dada pelo presidente no fim da tarde, ao chegar ao Pal\u00e1cio do Alvorada. &#8220;Coloquei hoje, porque sa\u00fade \u00e9 vida: academias, sal\u00e3o de&hellip; <\/p>\n","protected":false},"author":2,"featured_media":168905,"comment_status":"closed","ping_status":"closed","sticky":false,"template":"","format":"standard","meta":{"sfsi_plus_gutenberg_text_before_share":"","sfsi_plus_gutenberg_show_text_before_share":"","sfsi_plus_gutenberg_icon_type":"","sfsi_plus_gutenberg_icon_alignemt":"","sfsi_plus_gutenburg_max_per_row":"","footnotes":""},"categories":[11],"tags":[],"class_list":["post-168904","post","type-post","status-publish","format-standard","has-post-thumbnail","hentry","category-politica"],"_links":{"self":[{"href":"https:\/\/www.caririemacao.com\/1\/wp-json\/wp\/v2\/posts\/168904","targetHints":{"allow":["GET"]}}],"collection":[{"href":"https:\/\/www.caririemacao.com\/1\/wp-json\/wp\/v2\/posts"}],"about":[{"href":"https:\/\/www.caririemacao.com\/1\/wp-json\/wp\/v2\/types\/post"}],"author":[{"embeddable":true,"href":"https:\/\/www.caririemacao.com\/1\/wp-json\/wp\/v2\/users\/2"}],"replies":[{"embeddable":true,"href":"https:\/\/www.caririemacao.com\/1\/wp-json\/wp\/v2\/comments?post=168904"}],"version-history":[{"count":1,"href":"https:\/\/www.caririemacao.com\/1\/wp-json\/wp\/v2\/posts\/168904\/revisions"}],"predecessor-version":[{"id":168906,"href":"https:\/\/www.caririemacao.com\/1\/wp-json\/wp\/v2\/posts\/168904\/revisions\/168906"}],"wp:featuredmedia":[{"embeddable":true,"href":"https:\/\/www.caririemacao.com\/1\/wp-json\/wp\/v2\/media\/168905"}],"wp:attachment":[{"href":"https:\/\/www.caririemacao.com\/1\/wp-json\/wp\/v2\/media?parent=168904"}],"wp:term":[{"taxonomy":"category","embeddable":true,"href":"https:\/\/www.caririemacao.com\/1\/wp-json\/wp\/v2\/categories?post=168904"},{"taxonomy":"post_tag","embeddable":true,"href":"https:\/\/www.caririemacao.com\/1\/wp-json\/wp\/v2\/tags?post=168904"}],"curies":[{"name":"wp","href":"https:\/\/api.w.org\/{rel}","templated":true}]}}