{"id":168908,"date":"2020-05-12T08:17:11","date_gmt":"2020-05-12T11:17:11","guid":{"rendered":"https:\/\/www.caririemacao.com\/1\/?p=168908"},"modified":"2020-05-12T08:17:11","modified_gmt":"2020-05-12T11:17:11","slug":"nao-queremos-que-o-brasil-seja-colocado-como-vilao-do-meio-ambiente-diz-mourao","status":"publish","type":"post","link":"https:\/\/www.caririemacao.com\/1\/2020\/05\/12\/nao-queremos-que-o-brasil-seja-colocado-como-vilao-do-meio-ambiente-diz-mourao\/","title":{"rendered":"N\u00e3o queremos que o Brasil seja colocado como vil\u00e3o do meio ambiente, diz Mour\u00e3o"},"content":{"rendered":"\n<h1 class=\"wp-block-heading\"><\/h1>\n\n\n\n<p>Na semana passada, o presidente Jair Bolsonaro autorizou o envio de tropas das For\u00e7as Armadas para o combate a queimadas e desmatamento na Amaz\u00f4nia Legal. O prazo do decreto de GLO (Garantia da Lei e da Ordem) \u00e9 at\u00e9 junho, mas a tend\u00eancia \u00e9 de que ele seja estendido at\u00e9 o final do ano.<\/p>\n\n\n\n<p>&#8220;A nossa vis\u00e3o \u00e9 que vai iniciar a temporada das secas. Ent\u00e3o, temos de estar preparados para evitar que as queimadas ocorram. Exatamente porque n\u00f3s n\u00e3o queremos que o Brasil seja colocado para o restante do mundo como vil\u00e3o do meio ambiente. N\u00f3s n\u00e3o somos isso&#8221;, disse Mour\u00e3o.<\/p>\n\n\n\n<p>Em entrevista a ve\u00edculos de imprensa, o general da reserva, que comanda o Conselho da Amaz\u00f4nia, defendeu a utiliza\u00e7\u00e3o do contingente militar diante da falta de recomposi\u00e7\u00e3o dos quadros de \u00f3rg\u00e3o de fiscaliza\u00e7\u00e3o ambiental, como o Ibama (Instituto Brasileiro do Meio Ambiente).<\/p>\n\n\n\n<p>&#8220;O planejamento do Minist\u00e9rio da Defesa se estende ate o final deste per\u00edodo de governo do presidente, at\u00e9 2022. N\u00e3o temos d\u00favida que o problema vai continuar a existir&#8221;, disse. &#8220;O planejamento \u00e9 perene at\u00e9 que n\u00f3s consigamos recompor os quadros dos \u00f3rg\u00e3os de fiscaliza\u00e7\u00e3o ambiental e tenha uma for\u00e7a efetivamente voltada pata isso&#8221;, acrescentou.<\/p>\n\n\n\n<p>Neste in\u00edcio de ano, segundo dados dos sistemas de alerta utilizados pelo governo federal, o desmatamento da floresta amaz\u00f4nica acumula alta de 55% em 2020. O Pantanal tamb\u00e9m apresentou recorde hist\u00f3rico de queimadas para um in\u00edcio de ano.<\/p>\n\n\n\n<p>O vice-presidente afirmou que o emprego das For\u00e7as Armadas na \u00e1rea de prote\u00e7\u00e3o ambiental n\u00e3o \u00e9 o mais adequado, mas \u00e9 o \u00fanico meio &#8220;que n\u00f3s temos para conseguir impedir e evitar que essas ilegalidades continuem a acontecer&#8221;.<\/p>\n\n\n\n<p>Em discurso afinado ao de Mour\u00e3o, o ministro do GSI (Gabinete de Seguran\u00e7a Institucional), Augusto Heleno, ressaltou que a regi\u00e3o amaz\u00f4nica \u00e9 &#8220;gigantesca&#8221; e que a atua\u00e7\u00e3o militar se torna necess\u00e1ria para conseguir fazer um monitoramento e uma fiscaliza\u00e7\u00e3o efetivos para combater as atividades ilegais.<\/p>\n\n\n\n<p>&#8220;N\u00f3s precisamos ter muita disposi\u00e7\u00e3o para mudar essa vis\u00e3o que o mundo muitas vezes forja da Amaz\u00f4nia para nos colocar como vil\u00f5es. A gente n\u00e3o pode aceitar essa pecha de vil\u00f5es. Se ele estivessem aqui, talvez n\u00e3o conseguissem fazer isso, porque n\u00e3o conseguiram impedir que as suas florestas fossem devastadas&#8221;, disse.<\/p>\n\n\n\n<p>Na entrevista, Mour\u00e3o afirmou que o papel do Minist\u00e9rio da Defesa tem sido o de coordena\u00e7\u00e3o e controle e que ele n\u00e3o substituir\u00e1 a atua\u00e7\u00e3o do Ibama e do ICMBio. Segundo ele, o objetivo do contingente militar ser\u00e1 o de &#8220;facilitar o trabalho dos agentes de fiscaliza\u00e7\u00e3o&#8221;.<\/p>\n\n\n\n<p>Presente na entrevista \u00e0 imprensa, o ministro do Meio Ambiente, Ricardo Salles, disse que o d\u00e9ficit de pessoal no Ibama \u00e9 &#8220;muito grave&#8221; e se estende &#8220;h\u00e1 muito anos&#8221;. Ele reconheceu que tem havido um aumento do desmatamento, agravado pelas restri\u00e7\u00f5es impostas pela pandemia do coronav\u00edrus.<\/p>\n\n\n\n<p>&#8220;N\u00f3s temos de segurar o atual percentual [de desmatamento] e trabalhar para que no ano que vem tenha uma redu\u00e7\u00e3o dr\u00e1stica com rela\u00e7\u00e3o ao desmatamento com base em 2018 e em 2019&#8221;, disse.<\/p>\n","protected":false},"excerpt":{"rendered":"<p>Na semana passada, o presidente Jair Bolsonaro autorizou o envio de tropas das For\u00e7as Armadas para o combate a queimadas e desmatamento na Amaz\u00f4nia Legal.&hellip; <\/p>\n","protected":false},"author":2,"featured_media":168909,"comment_status":"closed","ping_status":"closed","sticky":false,"template":"","format":"standard","meta":{"sfsi_plus_gutenberg_text_before_share":"","sfsi_plus_gutenberg_show_text_before_share":"","sfsi_plus_gutenberg_icon_type":"","sfsi_plus_gutenberg_icon_alignemt":"","sfsi_plus_gutenburg_max_per_row":"","footnotes":""},"categories":[2],"tags":[],"class_list":["post-168908","post","type-post","status-publish","format-standard","has-post-thumbnail","hentry","category-geral"],"_links":{"self":[{"href":"https:\/\/www.caririemacao.com\/1\/wp-json\/wp\/v2\/posts\/168908","targetHints":{"allow":["GET"]}}],"collection":[{"href":"https:\/\/www.caririemacao.com\/1\/wp-json\/wp\/v2\/posts"}],"about":[{"href":"https:\/\/www.caririemacao.com\/1\/wp-json\/wp\/v2\/types\/post"}],"author":[{"embeddable":true,"href":"https:\/\/www.caririemacao.com\/1\/wp-json\/wp\/v2\/users\/2"}],"replies":[{"embeddable":true,"href":"https:\/\/www.caririemacao.com\/1\/wp-json\/wp\/v2\/comments?post=168908"}],"version-history":[{"count":1,"href":"https:\/\/www.caririemacao.com\/1\/wp-json\/wp\/v2\/posts\/168908\/revisions"}],"predecessor-version":[{"id":168910,"href":"https:\/\/www.caririemacao.com\/1\/wp-json\/wp\/v2\/posts\/168908\/revisions\/168910"}],"wp:featuredmedia":[{"embeddable":true,"href":"https:\/\/www.caririemacao.com\/1\/wp-json\/wp\/v2\/media\/168909"}],"wp:attachment":[{"href":"https:\/\/www.caririemacao.com\/1\/wp-json\/wp\/v2\/media?parent=168908"}],"wp:term":[{"taxonomy":"category","embeddable":true,"href":"https:\/\/www.caririemacao.com\/1\/wp-json\/wp\/v2\/categories?post=168908"},{"taxonomy":"post_tag","embeddable":true,"href":"https:\/\/www.caririemacao.com\/1\/wp-json\/wp\/v2\/tags?post=168908"}],"curies":[{"name":"wp","href":"https:\/\/api.w.org\/{rel}","templated":true}]}}