{"id":168916,"date":"2020-05-12T08:28:15","date_gmt":"2020-05-12T11:28:15","guid":{"rendered":"https:\/\/www.caririemacao.com\/1\/?p=168916"},"modified":"2020-05-12T08:28:15","modified_gmt":"2020-05-12T11:28:15","slug":"joao-aponta-falta-de-lideranca-de-bolsonaro-na-pandemia-do-novo-coronavirus-estados-estao-a-merce-da-sorte","status":"publish","type":"post","link":"https:\/\/www.caririemacao.com\/1\/2020\/05\/12\/joao-aponta-falta-de-lideranca-de-bolsonaro-na-pandemia-do-novo-coronavirus-estados-estao-a-merce-da-sorte\/","title":{"rendered":"Jo\u00e3o aponta falta de lideran\u00e7a de Bolsonaro na pandemia do novo Coronav\u00edrus: \u201cEstados est\u00e3o \u00e0 merc\u00ea da sorte\u201d"},"content":{"rendered":"\n<h3 class=\"wp-block-heading\"><\/h3>\n\n\n\n<p><\/p>\n\n\n\n<hr class=\"wp-block-separator\"\/>\n\n\n\n<p>O governador&nbsp;<strong>Jo\u00e3o Azev\u00eado<\/strong>&nbsp;(Cidadania) reclamou, nesta segunda-feira (11), da \u2018falta de coordena\u00e7\u00e3o nacional\u2019 do Governo Bolsonaro em meio \u00e0 pandemia do novo Coronav\u00edrus no Brasil. Al\u00e9m da crise pelo v\u00edrus, o pa\u00eds sofre com a rela\u00e7\u00e3o conturbada entre estados e munic\u00edpios e o Minist\u00e9rio da Sa\u00fade, disse o governador.<\/p>\n\n\n\n<p>\u201cDesde mar\u00e7o a Para\u00edba vem adotando medidas, desde decreto de emerg\u00eancia, criando as condi\u00e7\u00f5es para promover o isolamento social como \u00fanica ferramenta que dispomos no momento para enfrentar essa pandemia. Implantamos hospitais de campanha, ampliados UTIs, fizemos um plano de contingenciamento, e na medida do poss\u00edvel implementamos diante do que apresentamos hoje, que \u00e9 a falta de coordena\u00e7\u00e3o nacional para ajudar estados e munic\u00edpios na aquisi\u00e7\u00e3o de insumos, equipamentos, falta de discurso \u00fanico de enfrentamento \u00e0 pandemia. Isso tem levado aos estados e munic\u00edpios mais uma dificuldade, al\u00e9m da crise sanit\u00e1ria. Temos um problema muito seria que \u00e9 essa rela\u00e7\u00e3o que estados e munic\u00edpios tem com o Minist\u00e9rio da Sa\u00fade\u201d, declarou \u00e0&nbsp;<strong>CNN<\/strong>&nbsp;Brasil.<\/p>\n\n\n\n<p>Jo\u00e3o revelou que a Para\u00edba conta com 70% do seu plano de contingenciamento contra a Covid-19 implementado. O restante, depende de insumos e equipamentos prometidos pelo Minist\u00e9rio da Sa\u00fade, que n\u00e3o chegaram ao Estado ou est\u00e3o presentes de forma \u2018incipiente\u2019.<\/p>\n\n\n\n<p>\u201cNa mudan\u00e7a da equipe do Minist\u00e9rio, criou-se v\u00e1cuo de continuidade, durante esse per\u00edodo a log\u00edstica implementada principalmente para aquisi\u00e7\u00e3o e equipamentos foi suspensa e implantada uma nova. Hoje o Brasil n\u00e3o tem respiradores nem ventiladores vindos na China, nem tem fabrica\u00e7\u00e3o nacional, fabrica-se 180 por semana, n\u00e3o representa nada em fun\u00e7\u00e3o da demanda, faltou um discurso \u00fanico que unificasse o pa\u00eds, que traga esperan\u00e7a, faltou&nbsp;<strong>lideran\u00e7a<\/strong>. Estados est\u00e3o \u00e0 merc\u00ea da sorte, buscando aquisi\u00e7\u00e3o de equipamentos, como mercado explorando, subindo pre\u00e7o de equipamentos. Faltou discurso \u00fanico e percebe um desencontro no Governo Federal\u201d, disse.<\/p>\n\n\n\n<h3 class=\"wp-block-heading\"><strong>Flexibiliza\u00e7\u00e3o do isolamento<\/strong><\/h3>\n\n\n\n<p>Azev\u00eado declarou que, no plano do Governo do Estado, a flexibiliza\u00e7\u00e3o do isolamento social s\u00f3 ir\u00e1 ocorrer quando existir uma diminui\u00e7\u00e3o constante no n\u00famero de casos e mortes, al\u00e9m da manuten\u00e7\u00e3o de um \u2018score\u2019 de isolamento e um n\u00famero de leitos que garantam atendimento em UTI.<\/p>\n\n\n\n<p>\u201cQuando se faz a an\u00e1lise do n\u00famero de leitos ocupados ou n\u00e3o, e se fala em um estado como um todo, temos por exemplo 55% dos leitos ocupados, mas quando faz a estratifica\u00e7\u00e3o para leitos de UTI, esse valor sobe para 67%, mais uma vez para regi\u00e3o metropolitana, passa para 70%. Quando voc\u00ea verifica que leitos infantis e para gestantes s\u00e3o menos usados, voc\u00ea atinge praticamente 80% ocupados. As condi\u00e7\u00f5es b\u00e1sicas para flexibiliza\u00e7\u00e3o s\u00e3o essas: diminui\u00e7\u00e3o do n\u00famero de casos, score de isolamento que a popula\u00e7\u00e3o entenda a import\u00e2ncia de permanecer em casa, e hoje est\u00e3o cada vez mais baixos, atingimos um pico em 22 de ma\u00e7o de 68%, entretanto hoje passa um pouco de 40%\u201d, comentou.<\/p>\n\n\n\n<p>O governador cobrou ainda conscientiza\u00e7\u00e3o da popula\u00e7\u00e3o: \u201cEst\u00e1 faltando um pouco de consci\u00eancia coletiva para essa doen\u00e7a em que voc\u00ea n\u00e3o tem vacina, n\u00e3o tem nenhum tratamento, rem\u00e9dio definido, o melhor \u00e9 o isolamento. S\u00f3 com o isolamento e o uso de mascaras que n\u00f3s vamos fazer esse achatamento de curva e n\u00e3o permitir o colapso\u201d.<\/p>\n","protected":false},"excerpt":{"rendered":"<p>O governador&nbsp;Jo\u00e3o Azev\u00eado&nbsp;(Cidadania) reclamou, nesta segunda-feira (11), da \u2018falta de coordena\u00e7\u00e3o nacional\u2019 do Governo Bolsonaro em meio \u00e0 pandemia do novo Coronav\u00edrus no Brasil. Al\u00e9m&hellip; <\/p>\n","protected":false},"author":2,"featured_media":168917,"comment_status":"closed","ping_status":"closed","sticky":false,"template":"","format":"standard","meta":{"sfsi_plus_gutenberg_text_before_share":"","sfsi_plus_gutenberg_show_text_before_share":"","sfsi_plus_gutenberg_icon_type":"","sfsi_plus_gutenberg_icon_alignemt":"","sfsi_plus_gutenburg_max_per_row":"","footnotes":""},"categories":[2],"tags":[],"class_list":["post-168916","post","type-post","status-publish","format-standard","has-post-thumbnail","hentry","category-geral"],"_links":{"self":[{"href":"https:\/\/www.caririemacao.com\/1\/wp-json\/wp\/v2\/posts\/168916","targetHints":{"allow":["GET"]}}],"collection":[{"href":"https:\/\/www.caririemacao.com\/1\/wp-json\/wp\/v2\/posts"}],"about":[{"href":"https:\/\/www.caririemacao.com\/1\/wp-json\/wp\/v2\/types\/post"}],"author":[{"embeddable":true,"href":"https:\/\/www.caririemacao.com\/1\/wp-json\/wp\/v2\/users\/2"}],"replies":[{"embeddable":true,"href":"https:\/\/www.caririemacao.com\/1\/wp-json\/wp\/v2\/comments?post=168916"}],"version-history":[{"count":1,"href":"https:\/\/www.caririemacao.com\/1\/wp-json\/wp\/v2\/posts\/168916\/revisions"}],"predecessor-version":[{"id":168918,"href":"https:\/\/www.caririemacao.com\/1\/wp-json\/wp\/v2\/posts\/168916\/revisions\/168918"}],"wp:featuredmedia":[{"embeddable":true,"href":"https:\/\/www.caririemacao.com\/1\/wp-json\/wp\/v2\/media\/168917"}],"wp:attachment":[{"href":"https:\/\/www.caririemacao.com\/1\/wp-json\/wp\/v2\/media?parent=168916"}],"wp:term":[{"taxonomy":"category","embeddable":true,"href":"https:\/\/www.caririemacao.com\/1\/wp-json\/wp\/v2\/categories?post=168916"},{"taxonomy":"post_tag","embeddable":true,"href":"https:\/\/www.caririemacao.com\/1\/wp-json\/wp\/v2\/tags?post=168916"}],"curies":[{"name":"wp","href":"https:\/\/api.w.org\/{rel}","templated":true}]}}